{"id":2283,"date":"2017-04-05T09:34:27","date_gmt":"2017-04-05T09:34:27","guid":{"rendered":"http:\/\/themes.muffingroup.com\/betheme\/?p=2283"},"modified":"2017-08-28T14:50:16","modified_gmt":"2017-08-28T14:50:16","slug":"8","status":"publish","type":"post","link":"http:\/\/jsdacores.pt\/front\/subjects\/8\/","title":{"rendered":"Sa\u00fade Escolar"},"content":{"rendered":"<h4 style=\"text-align: center;\"><strong>A JSD\/A\u00e7ores encara\u00a0a sa\u00fade escolar como, de entre outras, a solu\u00e7\u00e3o de combate para as elevadas taxas de gravidezes na adolesc\u00eancia, a promo\u00e7\u00e3o da literacia em sa\u00fade e a adop\u00e7\u00e3o de comportamentos e estilos de vida saud\u00e1veis.\u00a0<\/strong><\/h4>\n<p>Na mo\u00e7\u00e3o global de estrat\u00e9gia apresentada pelo presidente da JSD\/A\u00e7ores ao XIX Congresso regional, Fl\u00e1vio soares defendeu:<\/p>\n<div class=\"blockquote\"><blockquote><\/p>\n<p>Urge uma promo\u00e7\u00e3o, nas escolas, de h\u00e1bitos e estilos de vida saud\u00e1veis. A materializa\u00e7\u00e3o deste objetivo, obriga (ou n\u00e3o) ao aumento das verbas para os respons\u00e1veis da sa\u00fade escolar nos centros de sa\u00fade, bem como uma reflex\u00e3o profunda sobre a forma como queremos que ela se organize. A interliga\u00e7\u00e3o com a Dire\u00e7\u00e3o Regional da Educa\u00e7\u00e3o e com as comunidades escolares assume-se como um objetivo de m\u00e1xima urg\u00eancia.<\/p>\n<p><\/blockquote><\/div>\n\n<p>Para os jovens, estatisticamente uma popula\u00e7\u00e3o mais saud\u00e1vel (ou seja, com menos epis\u00f3dios de doen\u00e7a), os cuidados de sa\u00fade prim\u00e1rios assumem uma import\u00e2ncia refor\u00e7ada.<\/p>\n<p>Os acompanhamentos de sa\u00fade infantil e pediatria, o diagn\u00f3stico precoce de diversas patologias, o acompanhamento personalizado \u2013 como s\u00f3 o conhecimento pessoal pode trazer- \u00a0a proximidade do cuidado s\u00e3o mecanismos de promo\u00e7\u00e3o de h\u00e1bitos e estilos de vida saud\u00e1veis e a preven\u00e7\u00e3o da doen\u00e7a que seria a solu\u00e7\u00e3o para muitos dos problemas regionais.<\/p>\n<p>N\u00e3o basta colocar m\u00e9dicos nos centros de sa\u00fade, \u00e9 necess\u00e1rio que os pr\u00f3prios respons\u00e1veis pol\u00edticos acreditem na for\u00e7a que os cuidados de sa\u00fade prim\u00e1rios t\u00eam para a promo\u00e7\u00e3o da sa\u00fade na regi\u00e3o.<\/p>\n<p>A desburocratiza\u00e7\u00e3o e desmaterializa\u00e7\u00e3o do trabalho dos profissionais de sa\u00fade, permitindo que estes se dediquem, ao m\u00e1ximo, \u00e0 presta\u00e7\u00e3o direta de cuidados de sa\u00fade \u00e9 uma necessidade urgente.<\/p>\n<p>&nbsp;<\/p>\n","protected":false},"excerpt":{"rendered":"<p>Aenean ligula nunc, accumsan quam, lobortis fringilla, massa. Maecenas pellentesque dolor.<\/p>\n","protected":false},"author":1,"featured_media":2861,"comment_status":"open","ping_status":"open","sticky":false,"template":"","format":"standard","meta":{"spay_email":"","footnotes":"","jetpack_publicize_message":"","jetpack_is_tweetstorm":false,"jetpack_publicize_feature_enabled":true},"categories":[12],"tags":[],"class_list":["post-2283","post","type-post","status-publish","format-standard","has-post-thumbnail","hentry","category-subjects"],"jetpack_featured_media_url":"https:\/\/i0.wp.com\/jsdacores.pt\/front\/wp-content\/uploads\/2017\/04\/2.jpg?fit=500%2C500","jetpack_publicize_connections":[],"jetpack_sharing_enabled":true,"jetpack_shortlink":"https:\/\/wp.me\/s8wvZV-8","_links":{"self":[{"href":"http:\/\/jsdacores.pt\/front\/wp-json\/wp\/v2\/posts\/2283","targetHints":{"allow":["GET"]}}],"collection":[{"href":"http:\/\/jsdacores.pt\/front\/wp-json\/wp\/v2\/posts"}],"about":[{"href":"http:\/\/jsdacores.pt\/front\/wp-json\/wp\/v2\/types\/post"}],"author":[{"embeddable":true,"href":"http:\/\/jsdacores.pt\/front\/wp-json\/wp\/v2\/users\/1"}],"replies":[{"embeddable":true,"href":"http:\/\/jsdacores.pt\/front\/wp-json\/wp\/v2\/comments?post=2283"}],"version-history":[{"count":5,"href":"http:\/\/jsdacores.pt\/front\/wp-json\/wp\/v2\/posts\/2283\/revisions"}],"predecessor-version":[{"id":2518,"href":"http:\/\/jsdacores.pt\/front\/wp-json\/wp\/v2\/posts\/2283\/revisions\/2518"}],"wp:featuredmedia":[{"embeddable":true,"href":"http:\/\/jsdacores.pt\/front\/wp-json\/wp\/v2\/media\/2861"}],"wp:attachment":[{"href":"http:\/\/jsdacores.pt\/front\/wp-json\/wp\/v2\/media?parent=2283"}],"wp:term":[{"taxonomy":"category","embeddable":true,"href":"http:\/\/jsdacores.pt\/front\/wp-json\/wp\/v2\/categories?post=2283"},{"taxonomy":"post_tag","embeddable":true,"href":"http:\/\/jsdacores.pt\/front\/wp-json\/wp\/v2\/tags?post=2283"}],"curies":[{"name":"wp","href":"https:\/\/api.w.org\/{rel}","templated":true}]}}