{"id":2332,"date":"2017-03-13T14:38:12","date_gmt":"2017-03-13T14:38:12","guid":{"rendered":"http:\/\/jsdacores.pt\/front\/?p=2332"},"modified":"2017-03-18T19:55:10","modified_gmt":"2017-03-18T19:55:10","slug":"flavio-soares-eleito-lider-da-jsdacores","status":"publish","type":"post","link":"http:\/\/jsdacores.pt\/front\/news\/flavio-soares-eleito-lider-da-jsdacores\/","title":{"rendered":"Fl\u00e1vio Soares eleito l\u00edder da JSD\/A\u00e7ores"},"content":{"rendered":"<p>A Mo\u00e7\u00e3o Global de Estrat\u00e9gia \u201cEstamos Juntos Pelos A\u00e7ores\u201d, subscrita pelo \u00fanico candidato \u00e0 presid\u00eancia da JSD\/A\u00e7ores, Fl\u00e1vio Soares, obteve 94% dos votos dos delegados eleitos ao XIX Congresso Regional da JSD\/A\u00e7ores que est\u00e1 a decorrer em Ponta Delgada.<\/p>\n<p>Fl\u00e1vio Soares, at\u00e9 agora secret\u00e1rio-geral da JSD\/A\u00e7ores, sucede a Daniel Pav\u00e3o na lideran\u00e7a dos \u2018jotas\u2019 social-democratas a\u00e7orianos.<\/p>\n<p>A vota\u00e7\u00e3o da mo\u00e7\u00e3o global de estrat\u00e9gia e de nove mo\u00e7\u00f5es tem\u00e1ticas encerraram o segundo dia de trabalhos da reuni\u00e3o magna da organiza\u00e7\u00e3o de juventude do PSD\/A\u00e7ores que termina amanh\u00e3, \u00e0s 11h00, com as interven\u00e7\u00f5es do novo l\u00edder da JSD\/A\u00e7ores e do l\u00edder do PSD\/A\u00e7ores, Duarte Freitas.<\/p>\n<p>Os delegados ao Congresso elegeram ainda os \u00f3rg\u00e3os da JSD\/A\u00e7ores. A Mesa do Congresso Regional foi eleita com 92% dos votos; a Comiss\u00e3o Pol\u00edtica Regional com 94%; a Comiss\u00e3o Eleitoral Independente com 94%; o Conselho Regional com 92% e o Conselho de Jurisdi\u00e7\u00e3o Regional com 96% dos votos.<\/p>\n<div class=\"blockquote\"><blockquote>Fl\u00e1vio Soares, no texto da mo\u00e7\u00e3o com que foi eleito, admite que \u201ca materializa\u00e7\u00e3o das nossas propostas na a\u00e7\u00e3o pol\u00edtica ser\u00e1, por ventura, o maior desafio que esta JSD ir\u00e1 enfrentar durante os pr\u00f3ximos dois anos, dando sempre um contributo positivo para reanimar a confian\u00e7a dos jovens na pol\u00edtica nos A\u00e7ores\u201d<\/blockquote><\/div>\n\n<p>Os subscritores da mo\u00e7\u00e3o \u201cEstamos Juntos Pelos A\u00e7ores\u201d defendem a reformula\u00e7\u00e3o dos programas regionais de apoio ao emprego de forma a corresponderem melhor \u00e0s necessidades dos jovens e das pr\u00f3prias empresas. A cria\u00e7\u00e3o de mecanismos para a transforma\u00e7\u00e3o de um trabalho prec\u00e1rio em trabalho est\u00e1vel \u00e9 outras das propostas que a nova lideran\u00e7a considera urgente para atacar o flagelo do desemprego jovem na Regi\u00e3o.<\/p>\n<p>A reformula\u00e7\u00e3o do Plano Regional de Sa\u00fade, no sentido de o credibilizar ao ponto de ser seguido por todos os profissionais de sa\u00fade da regi\u00e3o, e do Sistema Regional de Sa\u00fade \u00fanico para toda a regi\u00e3o e n\u00e3o assente nas unidades de ilha s\u00e3o duas das propostas da mo\u00e7\u00e3o defendida pela rec\u00e9m-eleita dire\u00e7\u00e3o da JSD\/A\u00e7ores para a Sa\u00fade.<\/p>\n<p>Para a Educa\u00e7\u00e3o, o rec\u00e9m-eleito l\u00edder da JSD\/A\u00e7ores defende a necessidade de \u201cdesburocratizar a Educa\u00e7\u00e3o para que os professores possam cumprir melhor a sua fun\u00e7\u00e3o\u201d. Na mo\u00e7\u00e3o global de estrat\u00e9gia com que se apresentou a votos no Congresso, Fl\u00e1vio Soares defende ainda uma componente mais pr\u00e1tica do Ensino e o lan\u00e7amento de um debate s\u00e9rio sobre a reformula\u00e7\u00e3o do modelo de gest\u00e3o do 2\u00ba e 3\u00ba ciclo e do ensino secund\u00e1rio.<\/p>\n<p>\u201cEsta JSD continuar\u00e1 na linha da frente a lutar pelas gera\u00e7\u00f5es mais novas. Ser\u00e1 voz ativa na defesa p\u00fablica dos seus interesses\u201d, l\u00ea-se ainda na mo\u00e7\u00e3o global de estrat\u00e9gia que assume o compromisso de apresentar nos pr\u00f3ximos dois \u201cpropostas que melhorem \u00e1reas preponderantes das sociedade, sem medos, sem press\u00f5es, sem influ\u00eancias exteriores\u201d.<\/p>\n","protected":false},"excerpt":{"rendered":"<p>A Mo\u00e7\u00e3o Global de Estrat\u00e9gia \u201cEstamos Juntos Pelos A\u00e7ores\u201d, subscrita pelo \u00fanico candidato \u00e0 presid\u00eancia da JSD\/A\u00e7ores, Fl\u00e1vio Soares, obteve 94% dos votos dos delegados eleitos<span class=\"excerpt-hellip\"> [\u2026]<\/span><\/p>\n","protected":false},"author":1,"featured_media":2333,"comment_status":"open","ping_status":"open","sticky":false,"template":"","format":"standard","meta":{"spay_email":"","footnotes":"","jetpack_publicize_message":"","jetpack_is_tweetstorm":false,"jetpack_publicize_feature_enabled":true},"categories":[11],"tags":[],"class_list":["post-2332","post","type-post","status-publish","format-standard","has-post-thumbnail","hentry","category-news"],"jetpack_featured_media_url":"https:\/\/i0.wp.com\/jsdacores.pt\/front\/wp-content\/uploads\/2017\/03\/XIX-CONGRESSO-JSD-A\u00c7ORES-16.jpg?fit=1620%2C1080","jetpack_publicize_connections":[],"jetpack_sharing_enabled":true,"jetpack_shortlink":"https:\/\/wp.me\/p8wvZV-BC","_links":{"self":[{"href":"http:\/\/jsdacores.pt\/front\/wp-json\/wp\/v2\/posts\/2332","targetHints":{"allow":["GET"]}}],"collection":[{"href":"http:\/\/jsdacores.pt\/front\/wp-json\/wp\/v2\/posts"}],"about":[{"href":"http:\/\/jsdacores.pt\/front\/wp-json\/wp\/v2\/types\/post"}],"author":[{"embeddable":true,"href":"http:\/\/jsdacores.pt\/front\/wp-json\/wp\/v2\/users\/1"}],"replies":[{"embeddable":true,"href":"http:\/\/jsdacores.pt\/front\/wp-json\/wp\/v2\/comments?post=2332"}],"version-history":[{"count":4,"href":"http:\/\/jsdacores.pt\/front\/wp-json\/wp\/v2\/posts\/2332\/revisions"}],"predecessor-version":[{"id":2416,"href":"http:\/\/jsdacores.pt\/front\/wp-json\/wp\/v2\/posts\/2332\/revisions\/2416"}],"wp:featuredmedia":[{"embeddable":true,"href":"http:\/\/jsdacores.pt\/front\/wp-json\/wp\/v2\/media\/2333"}],"wp:attachment":[{"href":"http:\/\/jsdacores.pt\/front\/wp-json\/wp\/v2\/media?parent=2332"}],"wp:term":[{"taxonomy":"category","embeddable":true,"href":"http:\/\/jsdacores.pt\/front\/wp-json\/wp\/v2\/categories?post=2332"},{"taxonomy":"post_tag","embeddable":true,"href":"http:\/\/jsdacores.pt\/front\/wp-json\/wp\/v2\/tags?post=2332"}],"curies":[{"name":"wp","href":"https:\/\/api.w.org\/{rel}","templated":true}]}}