{"id":2336,"date":"2017-03-13T14:41:27","date_gmt":"2017-03-13T14:41:27","guid":{"rendered":"http:\/\/jsdacores.pt\/front\/?p=2336"},"modified":"2017-03-18T18:42:33","modified_gmt":"2017-03-18T18:42:33","slug":"duarte-freitas-desafia-governo-a-extinguir-a-sprhi","status":"publish","type":"post","link":"http:\/\/jsdacores.pt\/front\/news\/duarte-freitas-desafia-governo-a-extinguir-a-sprhi\/","title":{"rendered":"Duarte Freitas desafia governo a extinguir a SPRHI"},"content":{"rendered":"<p>O presidente do PSD\/A\u00e7ores, Duarte Freitas, desafiou o governo regional socialista a aprovar a proposta social-democrata de extin\u00e7\u00e3o de empresas p\u00fablicas como a SPRHI, que \u201cs\u00f3 servem para gerir d\u00edvidas e dar emprego a administradores que nada fazem\u201d.<\/p>\n<p>\u201cTodos os funcion\u00e1rios das empresas p\u00fablicas regionais s\u00e3o necess\u00e1rios. Mas os administradores, que andam por a\u00ed \u00e0s dezenas e que nada fazem a n\u00e3o ser viver \u00e0 conta do er\u00e1rio p\u00fablico, n\u00e3o s\u00e3o precisos\u201d, afirmou Duarte Freitas, na sess\u00e3o de encerramento do XIX Congresso da JSD\/A\u00e7ores.<\/p>\n<p>O l\u00edder dos social-democratas a\u00e7orianos anunciou que o partido vai apresentar no parlamento, no debate do Plano e Or\u00e7amento para 2017, uma proposta de reestrutura\u00e7\u00e3o do setor p\u00fablico empresarial regional, atrav\u00e9s da extin\u00e7\u00e3o da SPRHI, cujo encerramento \u00e9 defendido pelo Tribunal de Contas.<\/p>\n<p>\u201cO Partido Socialista vai ter que dizer se concorda com a nossa proposta de extin\u00e7\u00e3o da SPRHI, ou se quer continuar com a SPRHI, que o pr\u00f3prio Tribunal de Contas j\u00e1 disse que devia ser extinta porque de nada serve sen\u00e3o para gerir d\u00edvidas e dar emprego a alguns administradores p\u00fablicos\u201d, disse.<\/p>\n<h2>Duarte Freitas salientou que a extin\u00e7\u00e3o da SPRHI permite, segundo o Tribunal de Contas, poupar cerca de um milh\u00e3o de euros e que essa verba pode ser usada para \u201ccontribuir para melhorar a vida dos a\u00e7orianos\u201d.<\/h2>\n<p>Recorde-se que, em maio do ano passado, o Tribunal de Contas recomendou ao governo regional que extinga a SPRHI, alegando que esta empresa p\u00fablica \u201cn\u00e3o possui sustentabilidade econ\u00f3mica\u201d e que tem sido usada pelo executivo socialista como mero \u201cve\u00edculo para o recurso ao endividamento\u201d.<\/p>\n<p>O presidente do PSD\/A\u00e7ores aproveitou tamb\u00e9m a ocasi\u00e3o para criticar o facto do \u201cPartido Socialista querer ser o partido \u00fanico\u201d na Regi\u00e3o, dado que \u201cn\u00e3o admite as cr\u00edticas\u201d que lhe s\u00e3o feitas.<\/p>\n<p>\u201cOs socialistas n\u00e3o est\u00e3o habituados a ser criticados. Est\u00e3o apenas habituados a criticar. O Partido Socialista na oposi\u00e7\u00e3o s\u00f3 faz bota-abaixo e quando est\u00e1 no poder quer ser oposi\u00e7\u00e3o \u00e0 oposi\u00e7\u00e3o. Isso n\u00f3s n\u00e3o vamos deixar\u201d, garantiu.<\/p>\n<p>Duarte Freitas lembrou que o PSD\/A\u00e7ores n\u00e3o se limita a criticar e apresenta alternativas sempre que n\u00e3o concorda com o governo e lamentou as cr\u00edticas feitas recentemente pelo PS quando os social-democratas anunciaram o seu voto contra o Plano e Or\u00e7amento.<\/p>\n<p>\u201cSe calhar, o Partido Socialista queria, como nos regimes de partido \u00fanico, que todos aplaud\u00edssemos os seus documentos\u201d, afirmou.<\/p>\n<p>Para o l\u00edder social-democrata a\u00e7oriano, este comportamento n\u00e3o \u00e9 pr\u00f3prio de uma democracia, dado que o PS \u201cquer ser dono do regime e n\u00e3o admite que haja oposi\u00e7\u00e3o\u201d.<\/p>\n<p>\u201cParece que o PS quer ser o partido \u00fanico. Mas n\u00e3o vai haver um partido \u00fanico nos A\u00e7ores por que o PSD n\u00e3o vai deixar. Vamos criticar e fiscalizar, mesmo que os socialistas n\u00e3o queiram. Porque n\u00f3s tamb\u00e9m somos a voz dos a\u00e7orianos\u201d, disse.<\/p>\n<p>No congresso que elegeu Fl\u00e1vio Soares como presidente da JSD\/A\u00e7ores, Duarte Freitas elogiou as qualidades pol\u00edticas do novo l\u00edder dos jovens social-democratas a\u00e7orianos, destacando a sua \u201cpondera\u00e7\u00e3o, capacidade de trabalho e integridade\u201d.<\/p>\n","protected":false},"excerpt":{"rendered":"<p>O presidente do PSD\/A\u00e7ores, Duarte Freitas, desafiou o governo regional socialista a aprovar a proposta social-democrata de extin\u00e7\u00e3o de empresas p\u00fablicas como a SPRHI, que \u201cs\u00f3<span class=\"excerpt-hellip\"> [\u2026]<\/span><\/p>\n","protected":false},"author":1,"featured_media":2337,"comment_status":"open","ping_status":"open","sticky":false,"template":"","format":"standard","meta":{"spay_email":"","footnotes":"","jetpack_publicize_message":"","jetpack_is_tweetstorm":false,"jetpack_publicize_feature_enabled":true},"categories":[11],"tags":[],"class_list":["post-2336","post","type-post","status-publish","format-standard","has-post-thumbnail","hentry","category-news"],"jetpack_featured_media_url":"https:\/\/i0.wp.com\/jsdacores.pt\/front\/wp-content\/uploads\/2017\/03\/XIX-CONGRESSO-JSD-A\u00c7ORES-23.jpg?fit=1620%2C1080","jetpack_publicize_connections":[],"jetpack_sharing_enabled":true,"jetpack_shortlink":"https:\/\/wp.me\/p8wvZV-BG","_links":{"self":[{"href":"http:\/\/jsdacores.pt\/front\/wp-json\/wp\/v2\/posts\/2336","targetHints":{"allow":["GET"]}}],"collection":[{"href":"http:\/\/jsdacores.pt\/front\/wp-json\/wp\/v2\/posts"}],"about":[{"href":"http:\/\/jsdacores.pt\/front\/wp-json\/wp\/v2\/types\/post"}],"author":[{"embeddable":true,"href":"http:\/\/jsdacores.pt\/front\/wp-json\/wp\/v2\/users\/1"}],"replies":[{"embeddable":true,"href":"http:\/\/jsdacores.pt\/front\/wp-json\/wp\/v2\/comments?post=2336"}],"version-history":[{"count":1,"href":"http:\/\/jsdacores.pt\/front\/wp-json\/wp\/v2\/posts\/2336\/revisions"}],"predecessor-version":[{"id":2338,"href":"http:\/\/jsdacores.pt\/front\/wp-json\/wp\/v2\/posts\/2336\/revisions\/2338"}],"wp:featuredmedia":[{"embeddable":true,"href":"http:\/\/jsdacores.pt\/front\/wp-json\/wp\/v2\/media\/2337"}],"wp:attachment":[{"href":"http:\/\/jsdacores.pt\/front\/wp-json\/wp\/v2\/media?parent=2336"}],"wp:term":[{"taxonomy":"category","embeddable":true,"href":"http:\/\/jsdacores.pt\/front\/wp-json\/wp\/v2\/categories?post=2336"},{"taxonomy":"post_tag","embeddable":true,"href":"http:\/\/jsdacores.pt\/front\/wp-json\/wp\/v2\/tags?post=2336"}],"curies":[{"name":"wp","href":"https:\/\/api.w.org\/{rel}","templated":true}]}}