{"id":2474,"date":"2017-03-31T21:26:16","date_gmt":"2017-03-31T21:26:16","guid":{"rendered":"http:\/\/jsdacores.pt\/front\/?p=2474"},"modified":"2017-04-02T15:36:45","modified_gmt":"2017-04-02T15:36:45","slug":"jsdacores-apela-a-participacao-jovem-nas-eleicoes-autarquicas","status":"publish","type":"post","link":"http:\/\/jsdacores.pt\/front\/news\/jsdacores-apela-a-participacao-jovem-nas-eleicoes-autarquicas\/","title":{"rendered":"JSD\/A\u00e7ores apela \u00e0 participa\u00e7\u00e3o jovem nas Elei\u00e7\u00f5es Aut\u00e1rquicas"},"content":{"rendered":"<p>A Juventude Social Democrata dos A\u00e7ores apelou hoje \u00e0 participa\u00e7\u00e3o da juventude nas listas e campanha \u00e0s elei\u00e7\u00f5es aut\u00e1rquicas de dia 1 de Outubro de 2017.<br \/>\nEm declara\u00e7\u00f5es hoje de manh\u00e3 na sede regional, o presidente da JSD\/A\u00e7ores, Fl\u00e1vio Soares, afirmou que &#8220;a renova\u00e7\u00e3o dos \u00f3rg\u00e3os aut\u00e1rquicos permitir\u00e1 um novo f\u00f4lego aos org\u00e3os de governo que mais pr\u00f3ximos se encontram das preocupa\u00e7\u00f5es e anseios dos A\u00e7orianos&#8221;.<\/p>\n<p>Fl\u00e1vio Soares congratulou-se ainda com alguns an\u00fancios de candidatos \u00e0s C\u00e2maras, Assembleias Municipais e Juntas de Freguesia que &#8220;se formaram na JSD enquanto pol\u00edticos, mostrando que a JSD assumiu, ao longos dos seus 40 anos de hist\u00f3ria, um dos pap\u00e9is mais importantes na promo\u00e7\u00e3o da democracia nos A\u00e7ores&#8221;.<\/p>\n<p>Para o l\u00edder da JSD\/A\u00e7ores o objetivo regional \u00e9 ganhar o maior n\u00famero de C\u00e2maras Municipais e Juntas de Freguesia, por &#8220;acreditar na liga\u00e7\u00e3o hist\u00f3rica que o PSD tem com as popula\u00e7\u00f5es e com os \u00f3rg\u00e3os aut\u00e1rquicos a n\u00edvel nacional e regional&#8221;.<br \/>\nAs declara\u00e7\u00f5es do Presidente da JSD\/A\u00e7ores surgem depois de, na reuni\u00e3o da comiss\u00e3o pol\u00edtica permanente da JSD\/A\u00e7ores no in\u00edcio da semana, ter sido refor\u00e7ada a necessidade do apoio e mobiliza\u00e7\u00e3o das estruturas locais para a \u201cdinamiza\u00e7\u00e3o aut\u00e1rquica\u201d em todos os concelhos e freguesias dos A\u00e7ores.<\/p>\n","protected":false},"excerpt":{"rendered":"<p>A Juventude Social Democrata dos A\u00e7ores apelou hoje \u00e0 participa\u00e7\u00e3o da juventude nas listas e campanha \u00e0s elei\u00e7\u00f5es aut\u00e1rquicas de dia 1 de Outubro de 2017.<span class=\"excerpt-hellip\"> [\u2026]<\/span><\/p>\n","protected":false},"author":1,"featured_media":2475,"comment_status":"open","ping_status":"open","sticky":false,"template":"","format":"standard","meta":{"spay_email":"","footnotes":"","jetpack_publicize_message":"","jetpack_is_tweetstorm":false,"jetpack_publicize_feature_enabled":true},"categories":[18,11],"tags":[],"class_list":["post-2474","post","type-post","status-publish","format-standard","has-post-thumbnail","hentry","category-autarquicas2021","category-news"],"jetpack_featured_media_url":"https:\/\/i0.wp.com\/jsdacores.pt\/front\/wp-content\/uploads\/2017\/03\/AUTARQUICAS-08.jpg?fit=1773%2C656","jetpack_publicize_connections":[],"jetpack_sharing_enabled":true,"jetpack_shortlink":"https:\/\/wp.me\/p8wvZV-DU","_links":{"self":[{"href":"http:\/\/jsdacores.pt\/front\/wp-json\/wp\/v2\/posts\/2474","targetHints":{"allow":["GET"]}}],"collection":[{"href":"http:\/\/jsdacores.pt\/front\/wp-json\/wp\/v2\/posts"}],"about":[{"href":"http:\/\/jsdacores.pt\/front\/wp-json\/wp\/v2\/types\/post"}],"author":[{"embeddable":true,"href":"http:\/\/jsdacores.pt\/front\/wp-json\/wp\/v2\/users\/1"}],"replies":[{"embeddable":true,"href":"http:\/\/jsdacores.pt\/front\/wp-json\/wp\/v2\/comments?post=2474"}],"version-history":[{"count":7,"href":"http:\/\/jsdacores.pt\/front\/wp-json\/wp\/v2\/posts\/2474\/revisions"}],"predecessor-version":[{"id":2507,"href":"http:\/\/jsdacores.pt\/front\/wp-json\/wp\/v2\/posts\/2474\/revisions\/2507"}],"wp:featuredmedia":[{"embeddable":true,"href":"http:\/\/jsdacores.pt\/front\/wp-json\/wp\/v2\/media\/2475"}],"wp:attachment":[{"href":"http:\/\/jsdacores.pt\/front\/wp-json\/wp\/v2\/media?parent=2474"}],"wp:term":[{"taxonomy":"category","embeddable":true,"href":"http:\/\/jsdacores.pt\/front\/wp-json\/wp\/v2\/categories?post=2474"},{"taxonomy":"post_tag","embeddable":true,"href":"http:\/\/jsdacores.pt\/front\/wp-json\/wp\/v2\/tags?post=2474"}],"curies":[{"name":"wp","href":"https:\/\/api.w.org\/{rel}","templated":true}]}}