{"id":2552,"date":"2017-04-13T16:47:18","date_gmt":"2017-04-13T16:47:18","guid":{"rendered":"http:\/\/jsdacores.pt\/front\/?p=2552"},"modified":"2017-04-13T20:52:03","modified_gmt":"2017-04-13T20:52:03","slug":"jsdacores-lanca-novas-ferramentas-online","status":"publish","type":"post","link":"http:\/\/jsdacores.pt\/front\/news\/jsdacores-lanca-novas-ferramentas-online\/","title":{"rendered":"JSD\/A\u00e7ores lan\u00e7a novas ferramentas online"},"content":{"rendered":"<p>A Juventude Social Democrata dos A\u00e7ores lan\u00e7ou hoje a sua renovada presen\u00e7a <em>online<\/em> no endere\u00e7o www.jsdacores.pt.<\/p>\n<h4>Na sua mensagem aos militantes, o Presidente da JSD\/A\u00e7ores, Fl\u00e1vio Soares, afirma que &#8220;\u00e9\u00a0com uma renovada esperan\u00e7a e esp\u00edrito de miss\u00e3o, que pretendemos refor\u00e7ar os la\u00e7os que unem todos os jovens sociais-democratas nos A\u00e7ores, atrav\u00e9s de um instrumento de comunica\u00e7\u00e3o, que n\u00e3o \u00e9 novo, mas renovado e atualizado.&#8221;<\/h4>\n<p>No novo portal da Juventude A\u00e7oriana, o mote do trabalho da JSD\/A\u00e7ores, \u00e9 poss\u00edvel encontrar e aproximar a estrutura de todos os militantes e jovens A\u00e7orianos, com ferramentas at\u00e9 agora n\u00e3o dispon\u00edveis como a possibilidade dos j\u00e1 militantes atualizarem os seus dados de contacto nos servi\u00e7os regionais da JSD.<\/p>\n<p>A divis\u00e3o por &#8220;pacotes tem\u00e1ticos&#8221; dos diversos temas que a JSD\/A\u00e7ores ir\u00e1 trabalhar permitir\u00e1 uma maior partilha, direcionada e orientada, para cada um dos assuntos pertinentes para\u00a0a JSD\/A\u00e7ores.<\/p>\n<p>A disponibiliza\u00e7\u00e3o do &#8220;Jornal Oficial&#8221;, num cumprimento do estatutariamente previsto, permite uma maior aproxima\u00e7\u00e3o do trabalho di\u00e1rio desenvolvido pela estrutura regional e local da JSD\/A\u00e7ores, por todo o arquip\u00e9lago.<\/p>\n<p>Na cerim\u00f3nia de lan\u00e7amento, Fl\u00e1vio Soares, afirmou que &#8220;pretende-se um novo espa\u00e7o de comunica\u00e7\u00e3o, com ferramentas que estar\u00e3o a surgir dependendo das\u00a0necessidades ao longo do tempo&#8221;, dando o exemplo da secretaria geral virtual que ser\u00e1 lan\u00e7ada durante o ano de 2017.<\/p>\n","protected":false},"excerpt":{"rendered":"<p>A Juventude Social Democrata dos A\u00e7ores lan\u00e7ou hoje a sua renovada presen\u00e7a online no endere\u00e7o www.jsdacores.pt. Na sua mensagem aos militantes, o Presidente da JSD\/A\u00e7ores, Fl\u00e1vio<span class=\"excerpt-hellip\"> [\u2026]<\/span><\/p>\n","protected":false},"author":1,"featured_media":2344,"comment_status":"open","ping_status":"open","sticky":false,"template":"","format":"standard","meta":{"spay_email":"","footnotes":"","jetpack_publicize_message":"","jetpack_is_tweetstorm":false,"jetpack_publicize_feature_enabled":true},"categories":[11],"tags":[],"class_list":["post-2552","post","type-post","status-publish","format-standard","has-post-thumbnail","hentry","category-news"],"jetpack_featured_media_url":"https:\/\/i0.wp.com\/jsdacores.pt\/front\/wp-content\/uploads\/2015\/10\/destaque1.png?fit=1280%2C500","jetpack_publicize_connections":[],"jetpack_sharing_enabled":true,"jetpack_shortlink":"https:\/\/wp.me\/p8wvZV-Fa","_links":{"self":[{"href":"http:\/\/jsdacores.pt\/front\/wp-json\/wp\/v2\/posts\/2552","targetHints":{"allow":["GET"]}}],"collection":[{"href":"http:\/\/jsdacores.pt\/front\/wp-json\/wp\/v2\/posts"}],"about":[{"href":"http:\/\/jsdacores.pt\/front\/wp-json\/wp\/v2\/types\/post"}],"author":[{"embeddable":true,"href":"http:\/\/jsdacores.pt\/front\/wp-json\/wp\/v2\/users\/1"}],"replies":[{"embeddable":true,"href":"http:\/\/jsdacores.pt\/front\/wp-json\/wp\/v2\/comments?post=2552"}],"version-history":[{"count":6,"href":"http:\/\/jsdacores.pt\/front\/wp-json\/wp\/v2\/posts\/2552\/revisions"}],"predecessor-version":[{"id":2566,"href":"http:\/\/jsdacores.pt\/front\/wp-json\/wp\/v2\/posts\/2552\/revisions\/2566"}],"wp:featuredmedia":[{"embeddable":true,"href":"http:\/\/jsdacores.pt\/front\/wp-json\/wp\/v2\/media\/2344"}],"wp:attachment":[{"href":"http:\/\/jsdacores.pt\/front\/wp-json\/wp\/v2\/media?parent=2552"}],"wp:term":[{"taxonomy":"category","embeddable":true,"href":"http:\/\/jsdacores.pt\/front\/wp-json\/wp\/v2\/categories?post=2552"},{"taxonomy":"post_tag","embeddable":true,"href":"http:\/\/jsdacores.pt\/front\/wp-json\/wp\/v2\/tags?post=2552"}],"curies":[{"name":"wp","href":"https:\/\/api.w.org\/{rel}","templated":true}]}}