{"id":3101,"date":"2017-08-18T12:32:46","date_gmt":"2017-08-18T12:32:46","guid":{"rendered":"http:\/\/jsdacores.pt\/front\/?p=3101"},"modified":"2017-08-18T12:33:28","modified_gmt":"2017-08-18T12:33:28","slug":"grupo-lilas-afirma-que-sustentabilidade-ambiental-sao-os-principais-focos-para-um-desenvolvimento-sustentavel-da-regiao","status":"publish","type":"post","link":"http:\/\/jsdacores.pt\/front\/news\/grupo-lilas-afirma-que-sustentabilidade-ambiental-sao-os-principais-focos-para-um-desenvolvimento-sustentavel-da-regiao\/","title":{"rendered":"Grupo Lil\u00e1s afirma que &#8220;sustentabilidade ambiental (&#8230;) s\u00e3o os principais focos para um desenvolvimento sustent\u00e1vel da regi\u00e3o&#8221;"},"content":{"rendered":"<h4>Os novos desafios da agricultura s\u00e3o o culminar da mudan\u00e7a de paradigma do sector.<\/h4>\n<p>H\u00e1 cerca de 40 anos, n\u00e3o haviam tantos cuidados, interroga\u00e7\u00f5es e exig\u00eancias como hoje, seja por parte dos produtores ou por parte dos consumidores. Deste modo, o mercado global exigiu a moderniza\u00e7\u00e3o da ind\u00fastria de forma a tornar a regi\u00e3o mais competitiva ao n\u00edvel da qualidade e diversidade dos produtos, tendo em considera\u00e7\u00e3o a elevada produtividade em outros pa\u00edses e por isso mesmo, conseguem atingir pre\u00e7os mais baixos.<\/p>\n<p>\u00c9 neste \u00e2mbito que devemos tirar proveito dos recursos end\u00f3genos e da criatividade nomeadamente dos jovens ao n\u00edvel do ambiente, do turismo e da agricultura, apostando assim num tri\u00e2ngulo de valor e sustentabilidade. A parceria destas tr\u00eas \u00e1reas permite a cria\u00e7\u00e3o de instrumentos de planeamento e de valoriza\u00e7\u00e3o integrada de todas as partes envolvidas.<\/p>\n<p>Em suma, a qualidade dos produtos, a sustentabilidade ambiental e a resposta \u00e0 exig\u00eancia dos turistas s\u00e3o os principais focos para um desenvolvimento sustent\u00e1vel da regi\u00e3o, gerando riqueza e emprego. Assim sendo, o agricultor deve ser n\u00e3o s\u00f3 produtor mas tamb\u00e9m ambientalista e empreendedor do meio rural.<\/p>\n<p><em>(Texto elaborado no \u00e2mbito de um trabalho de grupo na Universidade de Ver\u00e3o dos A\u00e7ores 2017)<\/em><\/p>\n","protected":false},"excerpt":{"rendered":"<p>Os novos desafios da agricultura s\u00e3o o culminar da mudan\u00e7a de paradigma do sector. H\u00e1 cerca de 40 anos, n\u00e3o haviam tantos cuidados, interroga\u00e7\u00f5es e exig\u00eancias<span class=\"excerpt-hellip\"> [\u2026]<\/span><\/p>\n","protected":false},"author":1,"featured_media":3102,"comment_status":"open","ping_status":"open","sticky":false,"template":"","format":"image","meta":{"spay_email":"","footnotes":"","jetpack_publicize_message":"","jetpack_is_tweetstorm":false,"jetpack_publicize_feature_enabled":true},"categories":[11,22],"tags":[],"class_list":["post-3101","post","type-post","status-publish","format-image","has-post-thumbnail","hentry","category-news","category-uv-acores","post_format-post-format-image"],"jetpack_featured_media_url":"https:\/\/i0.wp.com\/jsdacores.pt\/front\/wp-content\/uploads\/2017\/08\/IMG_2638.jpg?fit=4000%2C3000","jetpack_publicize_connections":[],"jetpack_sharing_enabled":true,"jetpack_shortlink":"https:\/\/wp.me\/p8wvZV-O1","_links":{"self":[{"href":"http:\/\/jsdacores.pt\/front\/wp-json\/wp\/v2\/posts\/3101","targetHints":{"allow":["GET"]}}],"collection":[{"href":"http:\/\/jsdacores.pt\/front\/wp-json\/wp\/v2\/posts"}],"about":[{"href":"http:\/\/jsdacores.pt\/front\/wp-json\/wp\/v2\/types\/post"}],"author":[{"embeddable":true,"href":"http:\/\/jsdacores.pt\/front\/wp-json\/wp\/v2\/users\/1"}],"replies":[{"embeddable":true,"href":"http:\/\/jsdacores.pt\/front\/wp-json\/wp\/v2\/comments?post=3101"}],"version-history":[{"count":2,"href":"http:\/\/jsdacores.pt\/front\/wp-json\/wp\/v2\/posts\/3101\/revisions"}],"predecessor-version":[{"id":3104,"href":"http:\/\/jsdacores.pt\/front\/wp-json\/wp\/v2\/posts\/3101\/revisions\/3104"}],"wp:featuredmedia":[{"embeddable":true,"href":"http:\/\/jsdacores.pt\/front\/wp-json\/wp\/v2\/media\/3102"}],"wp:attachment":[{"href":"http:\/\/jsdacores.pt\/front\/wp-json\/wp\/v2\/media?parent=3101"}],"wp:term":[{"taxonomy":"category","embeddable":true,"href":"http:\/\/jsdacores.pt\/front\/wp-json\/wp\/v2\/categories?post=3101"},{"taxonomy":"post_tag","embeddable":true,"href":"http:\/\/jsdacores.pt\/front\/wp-json\/wp\/v2\/tags?post=3101"}],"curies":[{"name":"wp","href":"https:\/\/api.w.org\/{rel}","templated":true}]}}