{"id":3105,"date":"2017-08-18T12:38:06","date_gmt":"2017-08-18T12:38:06","guid":{"rendered":"http:\/\/jsdacores.pt\/front\/?p=3105"},"modified":"2017-08-18T12:38:06","modified_gmt":"2017-08-18T12:38:06","slug":"grupo-verde-afirma-que-existe-dificuldades-em-pensar-na-politica-de-hoje","status":"publish","type":"post","link":"http:\/\/jsdacores.pt\/front\/news\/grupo-verde-afirma-que-existe-dificuldades-em-pensar-na-politica-de-hoje\/","title":{"rendered":"Grupo Verde afirma que &#8220;existe dificuldades em pensar na pol\u00edtica de hoje&#8221;"},"content":{"rendered":"<h4>A Dra. Sofia Ribeiro, na sua locu\u00e7\u00e3o na 4a edi\u00e7\u00e3o da UV que decorre na ilha do Pico, come\u00e7ou por fazer refer\u00eancia \u00e0 dificuldade que existe em pensar na pol\u00edtica de hoje e ao crescente afastamento entre a mesma e os cidad\u00e3os.<\/h4>\n<p>A eurodeputada afirmou que as pol\u00edticas da atualidade s\u00e3o direcionadas sobretudo para a classe m\u00e9dia e para o desemprego, o que na opini\u00e3o da mesma tem conferido grandes resultados \u00e0 esquerda. Contudo, esta defendeu ainda que a maioria dos jovens de hoje n\u00e3o conseguem diferenciar de forma clara e objetiva as ideologias pol\u00edticas inerentes \u00e0 &#8220;esquerda&#8221; e \u00e0 &#8220;direita&#8221;.<\/p>\n<p>Por outro lado, salientou o facto do mercado de trabalho estar a sofrer altera\u00e7\u00f5es, as quais, segundo a pr\u00f3pria, ir\u00e1 originar a perda de 1200 milh\u00f5es de postos de trabalho por conta da &#8220;robotiza\u00e7\u00e3o&#8221;, o que exige uma adapta\u00e7\u00e3o por parte das pol\u00edticas.<\/p>\n<p>A apresenta\u00e7\u00e3o findou com a interlocutora a afirmar que \u00e9 urgente &#8220;pensar na pol\u00edtica para o futuro n\u00e3o no futuro da pol\u00edtica&#8221;, demonstrando assim que o mais importante \u00e9 ter em aten\u00e7\u00e3o que o futuro da pol\u00edtica depende de n\u00f3s jovens, inseridos na JSD, mantendo sempre esta estrutura dinamizadora e independente dentro do pr\u00f3prio partido.&#8221;<\/p>\n<p><em>(Texto elaborado no \u00e2mbito de um trabalho de grupo na Universidade de Ver\u00e3o dos A\u00e7ores 2017)<\/em><\/p>\n","protected":false},"excerpt":{"rendered":"<p>A Dra. Sofia Ribeiro, na sua locu\u00e7\u00e3o na 4a edi\u00e7\u00e3o da UV que decorre na ilha do Pico, come\u00e7ou por fazer refer\u00eancia \u00e0 dificuldade que existe<span class=\"excerpt-hellip\"> [\u2026]<\/span><\/p>\n","protected":false},"author":1,"featured_media":3106,"comment_status":"open","ping_status":"open","sticky":false,"template":"","format":"image","meta":{"spay_email":"","footnotes":"","jetpack_publicize_message":"","jetpack_is_tweetstorm":false,"jetpack_publicize_feature_enabled":true},"categories":[11,22],"tags":[],"class_list":["post-3105","post","type-post","status-publish","format-image","has-post-thumbnail","hentry","category-news","category-uv-acores","post_format-post-format-image"],"jetpack_featured_media_url":"https:\/\/i0.wp.com\/jsdacores.pt\/front\/wp-content\/uploads\/2017\/08\/20840879_2023728244319712_3252111430679204533_n.jpg?fit=960%2C720","jetpack_publicize_connections":[],"jetpack_sharing_enabled":true,"jetpack_shortlink":"https:\/\/wp.me\/p8wvZV-O5","_links":{"self":[{"href":"http:\/\/jsdacores.pt\/front\/wp-json\/wp\/v2\/posts\/3105","targetHints":{"allow":["GET"]}}],"collection":[{"href":"http:\/\/jsdacores.pt\/front\/wp-json\/wp\/v2\/posts"}],"about":[{"href":"http:\/\/jsdacores.pt\/front\/wp-json\/wp\/v2\/types\/post"}],"author":[{"embeddable":true,"href":"http:\/\/jsdacores.pt\/front\/wp-json\/wp\/v2\/users\/1"}],"replies":[{"embeddable":true,"href":"http:\/\/jsdacores.pt\/front\/wp-json\/wp\/v2\/comments?post=3105"}],"version-history":[{"count":1,"href":"http:\/\/jsdacores.pt\/front\/wp-json\/wp\/v2\/posts\/3105\/revisions"}],"predecessor-version":[{"id":3107,"href":"http:\/\/jsdacores.pt\/front\/wp-json\/wp\/v2\/posts\/3105\/revisions\/3107"}],"wp:featuredmedia":[{"embeddable":true,"href":"http:\/\/jsdacores.pt\/front\/wp-json\/wp\/v2\/media\/3106"}],"wp:attachment":[{"href":"http:\/\/jsdacores.pt\/front\/wp-json\/wp\/v2\/media?parent=3105"}],"wp:term":[{"taxonomy":"category","embeddable":true,"href":"http:\/\/jsdacores.pt\/front\/wp-json\/wp\/v2\/categories?post=3105"},{"taxonomy":"post_tag","embeddable":true,"href":"http:\/\/jsdacores.pt\/front\/wp-json\/wp\/v2\/tags?post=3105"}],"curies":[{"name":"wp","href":"https:\/\/api.w.org\/{rel}","templated":true}]}}