{"id":3110,"date":"2017-08-19T10:15:21","date_gmt":"2017-08-19T10:15:21","guid":{"rendered":"http:\/\/jsdacores.pt\/front\/?p=3110"},"modified":"2017-08-19T16:11:13","modified_gmt":"2017-08-19T16:11:13","slug":"grupo-azul-afirma-que-e-fundamental-por-em-pratica-politica-ativas-de-emprego","status":"publish","type":"post","link":"http:\/\/jsdacores.pt\/front\/news\/grupo-azul-afirma-que-e-fundamental-por-em-pratica-politica-ativas-de-emprego\/","title":{"rendered":"Grupo Azul afirma que &#8220;\u00e9 fundamental p\u00f4r em pr\u00e1tica pol\u00edtica ativas de emprego&#8221;"},"content":{"rendered":"<h4><strong>Pelas 10h00 iniciamos o painel \u201cDesemprego jovem \u2013 Que Solu\u00e7\u00f5es?\u201d com os oradores Marco Costa (Deputado da Assembleia Legislativa da Regi\u00e3o Aut\u00f3noma dos A\u00e7ores) e Jo\u00e3o D\u00e2maso Moniz (Diretor executivo do Centro empresarial dos A\u00e7ores) e moderado por Lu\u00eds Pereira (Vice-Presidente Coordenador da JSD\/A\u00e7ores). <\/strong><\/h4>\n<p>\u201c9 ilhas 9 realidades\u201d, o desemprego jovem \u00e9 um problema que afeta as novas gera\u00e7\u00f5es, aquela que \u00e9 a gera\u00e7\u00e3o mais bem preparada de sempre, num mundo global. Portanto, \u00e9 fundamental p\u00f4r em pr\u00e1tica politicas ativas de emprego e n\u00e3o meramente fazer politica com os programas de emprego como tem vindo a ser uma constante pelo atual partido que governa a nossa regi\u00e3o. O programa estagiar L e T deveria servir de \u201ctrampolim para uma atividade profissional no privado\u201d, como refere Marco Costa.<\/p>\n<p>\u201cA politica sem risco \u00e9 uma chatice e sem \u00e9tica \u00e9 uma vergonha\u201d, como dizia S\u00e1 Carneiro. Para Jo\u00e3o Moniz, uma das solu\u00e7\u00f5es para a diminui\u00e7\u00e3o do Desemprego Jovem passa pelo Empreendedorismo e pelo o autoemprego. A regi\u00e3o disp\u00f5e de in\u00fameros programas de apoio provenientes de fundos comunit\u00e1rios, mas que alguns deles n\u00e3o funcionam na sua plenitude. Jo\u00e3o Moniz afirma ainda ser necess\u00e1rio repensar os Programas Ocupacionais.<\/p>\n<p><em>(Texto elaborado no \u00e2mbito de um trabalho de grupo na Universidade de Ver\u00e3o dos A\u00e7ores 2017)<\/em><\/p>\n","protected":false},"excerpt":{"rendered":"<p>Pelas 10h00 iniciamos o painel \u201cDesemprego jovem \u2013 Que Solu\u00e7\u00f5es?\u201d com os oradores Marco Costa (Deputado da Assembleia Legislativa da Regi\u00e3o Aut\u00f3noma dos A\u00e7ores) e Jo\u00e3o<span class=\"excerpt-hellip\"> [\u2026]<\/span><\/p>\n","protected":false},"author":1,"featured_media":3124,"comment_status":"open","ping_status":"open","sticky":false,"template":"","format":"image","meta":{"spay_email":"","footnotes":"","jetpack_publicize_message":"","jetpack_is_tweetstorm":false,"jetpack_publicize_feature_enabled":true},"categories":[11,22],"tags":[],"class_list":["post-3110","post","type-post","status-publish","format-image","has-post-thumbnail","hentry","category-news","category-uv-acores","post_format-post-format-image"],"jetpack_featured_media_url":"https:\/\/i0.wp.com\/jsdacores.pt\/front\/wp-content\/uploads\/2017\/08\/20882368_2025092937516576_5841171444441317155_n.jpg?fit=960%2C640","jetpack_publicize_connections":[],"jetpack_sharing_enabled":true,"jetpack_shortlink":"https:\/\/wp.me\/p8wvZV-Oa","_links":{"self":[{"href":"http:\/\/jsdacores.pt\/front\/wp-json\/wp\/v2\/posts\/3110","targetHints":{"allow":["GET"]}}],"collection":[{"href":"http:\/\/jsdacores.pt\/front\/wp-json\/wp\/v2\/posts"}],"about":[{"href":"http:\/\/jsdacores.pt\/front\/wp-json\/wp\/v2\/types\/post"}],"author":[{"embeddable":true,"href":"http:\/\/jsdacores.pt\/front\/wp-json\/wp\/v2\/users\/1"}],"replies":[{"embeddable":true,"href":"http:\/\/jsdacores.pt\/front\/wp-json\/wp\/v2\/comments?post=3110"}],"version-history":[{"count":3,"href":"http:\/\/jsdacores.pt\/front\/wp-json\/wp\/v2\/posts\/3110\/revisions"}],"predecessor-version":[{"id":3129,"href":"http:\/\/jsdacores.pt\/front\/wp-json\/wp\/v2\/posts\/3110\/revisions\/3129"}],"wp:featuredmedia":[{"embeddable":true,"href":"http:\/\/jsdacores.pt\/front\/wp-json\/wp\/v2\/media\/3124"}],"wp:attachment":[{"href":"http:\/\/jsdacores.pt\/front\/wp-json\/wp\/v2\/media?parent=3110"}],"wp:term":[{"taxonomy":"category","embeddable":true,"href":"http:\/\/jsdacores.pt\/front\/wp-json\/wp\/v2\/categories?post=3110"},{"taxonomy":"post_tag","embeddable":true,"href":"http:\/\/jsdacores.pt\/front\/wp-json\/wp\/v2\/tags?post=3110"}],"curies":[{"name":"wp","href":"https:\/\/api.w.org\/{rel}","templated":true}]}}