{"id":3121,"date":"2017-08-19T10:27:52","date_gmt":"2017-08-19T10:27:52","guid":{"rendered":"http:\/\/jsdacores.pt\/front\/?p=3121"},"modified":"2017-08-19T11:38:58","modified_gmt":"2017-08-19T11:38:58","slug":"grupo-vermelho-poder-local-e-o-promotor-da-coesao-territorial","status":"publish","type":"post","link":"http:\/\/jsdacores.pt\/front\/news\/grupo-vermelho-poder-local-e-o-promotor-da-coesao-territorial\/","title":{"rendered":"Grupo Vermelho afirma que o &#8220;poder local \u00e9 o promotor da coes\u00e3o territorial&#8221;"},"content":{"rendered":"<h4>No decorrer da IV edi\u00e7\u00e3o da UV 2017, ao segundo dia da universidade, na ilha do Pico, um dos principais temas debatido foi o poder local nos A\u00e7ores. Presentes estiveram o Presidente da C\u00e2mara Municipal da Madalena, Jos\u00e9 soares, e o candidato \u00e0 presid\u00eancia da C\u00e2mara de S\u00e3o Roque do Pico, Francisco Bettencourt.<\/h4>\n<p>Durante a comunica\u00e7\u00e3o foram expostos desafios relativos \u00e0 coes\u00e3o social e territorial e debatidas poss\u00edveis solu\u00e7\u00f5es para combater as suas falhas.<\/p>\n<p>Jos\u00e9 Soares, abordou a quest\u00e3o da forma\u00e7\u00e3o dos jovens pol\u00edticos que poder\u00e3o ser a solu\u00e7\u00e3o para aumentar o n\u00edvel do poder local, visto que o futuro est\u00e1 nas m\u00e3os da juventude.<\/p>\n<p>O que h\u00e1 d\u00e9cadas parecia apenas suscitar o interesse dos mais velhos, hoje come\u00e7a a motivar os mais jovens.<\/p>\n<p>Ao encerrar o painel, Francisco Bettencourt, \u00e9 confrontado com uma quest\u00e3o acerca da absten\u00e7\u00e3o jovem e a poss\u00edvel influ\u00eancia da complexidade do processo do voto antecipado nela. O candidato considerou que o desgaste do processo pode ser desmotivador, visto que os votos geralmente nem s\u00e3o integrados, nos casos que tem conhecimento.<\/p>\n<p>Jos\u00e9 Soares, deixa um apelo aos jovens sensibilizando-os para a import\u00e2ncia de pertencerem \u00e0s listas partid\u00e1rias porque a mudan\u00e7a exige sangue novo.<\/p>\n<p><em>(Texto elaborado no \u00e2mbito de um trabalho de grupo na Universidade de Ver\u00e3o dos A\u00e7ores 2017)<\/em><\/p>\n","protected":false},"excerpt":{"rendered":"<p>No decorrer da IV edi\u00e7\u00e3o da UV 2017, ao segundo dia da universidade, na ilha do Pico, um dos principais temas debatido foi o poder local<span class=\"excerpt-hellip\"> [\u2026]<\/span><\/p>\n","protected":false},"author":1,"featured_media":3127,"comment_status":"open","ping_status":"open","sticky":false,"template":"","format":"image","meta":{"spay_email":"","footnotes":"","jetpack_publicize_message":"","jetpack_is_tweetstorm":false,"jetpack_publicize_feature_enabled":true},"categories":[11,22],"tags":[],"class_list":["post-3121","post","type-post","status-publish","format-image","has-post-thumbnail","hentry","category-news","category-uv-acores","post_format-post-format-image"],"jetpack_featured_media_url":"https:\/\/i0.wp.com\/jsdacores.pt\/front\/wp-content\/uploads\/2017\/08\/20953329_2025102490848954_6222824387375293858_n.jpg?fit=960%2C720","jetpack_publicize_connections":[],"jetpack_sharing_enabled":true,"jetpack_shortlink":"https:\/\/wp.me\/p8wvZV-Ol","_links":{"self":[{"href":"http:\/\/jsdacores.pt\/front\/wp-json\/wp\/v2\/posts\/3121","targetHints":{"allow":["GET"]}}],"collection":[{"href":"http:\/\/jsdacores.pt\/front\/wp-json\/wp\/v2\/posts"}],"about":[{"href":"http:\/\/jsdacores.pt\/front\/wp-json\/wp\/v2\/types\/post"}],"author":[{"embeddable":true,"href":"http:\/\/jsdacores.pt\/front\/wp-json\/wp\/v2\/users\/1"}],"replies":[{"embeddable":true,"href":"http:\/\/jsdacores.pt\/front\/wp-json\/wp\/v2\/comments?post=3121"}],"version-history":[{"count":4,"href":"http:\/\/jsdacores.pt\/front\/wp-json\/wp\/v2\/posts\/3121\/revisions"}],"predecessor-version":[{"id":3128,"href":"http:\/\/jsdacores.pt\/front\/wp-json\/wp\/v2\/posts\/3121\/revisions\/3128"}],"wp:featuredmedia":[{"embeddable":true,"href":"http:\/\/jsdacores.pt\/front\/wp-json\/wp\/v2\/media\/3127"}],"wp:attachment":[{"href":"http:\/\/jsdacores.pt\/front\/wp-json\/wp\/v2\/media?parent=3121"}],"wp:term":[{"taxonomy":"category","embeddable":true,"href":"http:\/\/jsdacores.pt\/front\/wp-json\/wp\/v2\/categories?post=3121"},{"taxonomy":"post_tag","embeddable":true,"href":"http:\/\/jsdacores.pt\/front\/wp-json\/wp\/v2\/tags?post=3121"}],"curies":[{"name":"wp","href":"https:\/\/api.w.org\/{rel}","templated":true}]}}