{"id":3131,"date":"2017-08-21T11:48:17","date_gmt":"2017-08-21T11:48:17","guid":{"rendered":"http:\/\/jsdacores.pt\/front\/?p=3131"},"modified":"2017-11-06T19:59:15","modified_gmt":"2017-11-06T19:59:15","slug":"jsdacores-defende-a-autonomia-do-crj","status":"publish","type":"post","link":"http:\/\/jsdacores.pt\/front\/news\/jsdacores-defende-a-autonomia-do-crj\/","title":{"rendered":"JSD\/A\u00e7ores defende a &#8220;autonomia&#8221; do CRJ"},"content":{"rendered":"<h4>A JSD\/A\u00e7ores vai promover a discuss\u00e3o interna sobre um conjunto de altera\u00e7\u00f5es ao funcionamento e \u00e0 organiza\u00e7\u00e3o do Conselho Regional de Juventude dos A\u00e7ores (CRJ), entre as quais a possibilidade de o Conselho, na depend\u00eancia da dire\u00e7\u00e3o regional de Juventude, eleger os seus \u00f3rg\u00e3os pr\u00f3prios de gest\u00e3o, de entre os seus membros.<\/h4>\n<p>O an\u00fancio foi feito pelo l\u00edder da JSD\/A\u00e7ores na sess\u00e3o de encerramento da 4.\u00aa edi\u00e7\u00e3o da Universidade de Ver\u00e3o do PSD\/A\u00e7ores e da JSD\/A\u00e7ores, que decorreu na Madalena, na ilha do Pico, na qual Fl\u00e1vio Soares defendeu que urge despolitizar e autonomizar o Conselho Regional de Juventude dos A\u00e7ores.<\/p>\n<p>\u201cComo pode o Conselho Regional de Juventude dos A\u00e7ores ser verdadeiramente aut\u00f3nomo e representativo quando \u00e9 presidido, convocado e controlado pelo Governo regional?\u201d, questionou Fl\u00e1vio Soares, para defender que o diretor regional de Juventude deve participar nas reuni\u00f5es do \u00f3rg\u00e3o apenas como convidado sempre que se justificar.<\/p>\n<p>O l\u00edder da JSD\/A\u00e7ores salientou que \u201cos jovens a\u00e7orianos necessitam de olhar para o Conselho Regional de Juventude como um mecanismo de participa\u00e7\u00e3o ativa e direta nas pol\u00edticas regionais\u201d, raz\u00e3o pela qual \u00e9 urgente \u201cdevolver o Conselho aos jovens a\u00e7orianos e aos seus leg\u00edtimos donos, tirando-lhe a carga pol\u00edtica que atualmente subsiste nas suas reuni\u00f5es\u201d.<\/p>\n<p>Segundo Fl\u00e1vio Soares, est\u00e1 \u00e9 uma \u201cambi\u00e7\u00e3o partilhada por outras organiza\u00e7\u00f5es de Juventude dos A\u00e7ores\u201d e, neste quadro, deixou a garantia de que \u201cjuntos podemos e continuaremos a trabalhar na promo\u00e7\u00e3o de mudan\u00e7as\u201d.<\/p>\n<p>\u201cAcreditamos que apenas com esta despolitiza\u00e7\u00e3o do Conselho Regional de Juventude ser\u00e1 poss\u00edvel voltar a chamar as organiza\u00e7\u00f5es de juventude regionais ao importante debate que deveria acontecer em torno das propostas, dos documentos e dos temas que a juventude n\u00e3o esquece no seu dia-a-dia\u201d, afirmou.<\/p>\n<p>Flavio Soares deixou a garantia de que a estrutura jovem do PSD\/A\u00e7ores continua a marcar presen\u00e7a nas reuni\u00f5es do Conselho Regional de Juventude dos A\u00e7ores \u201cporque consideramos ser o cumprimento do nosso mandato que nos foi dado pelos jovens militantes do PSD\/A\u00e7ores, mas ambicionamos mais, como n\u00e3o poderia deixar de ser\u201d.<\/p>\n<p>\u201cContinuaremos, como tem sido pr\u00e1tica nos \u00faltimos anos, a ser voz cr\u00edtica e irreverente mesmo perante uma estrutura que \u00e9 a hostil a tudo o que \u00e9 contr\u00e1rio \u00e0 opini\u00e3o institu\u00edda\u201d, garantiu, frisando que \u00e9 uma \u201cobriga\u00e7\u00e3o\u201d da JSD\/A\u00e7ores \u201ccontinuar a credibilizar o trabalho desenvolvido por este Conselho\u201d.<\/p>\n","protected":false},"excerpt":{"rendered":"<p>A JSD\/A\u00e7ores vai promover a discuss\u00e3o interna sobre um conjunto de altera\u00e7\u00f5es ao funcionamento e \u00e0 organiza\u00e7\u00e3o do Conselho Regional de Juventude dos A\u00e7ores (CRJ), entre<span class=\"excerpt-hellip\"> [\u2026]<\/span><\/p>\n","protected":false},"author":1,"featured_media":3132,"comment_status":"open","ping_status":"open","sticky":false,"template":"","format":"image","meta":{"spay_email":"","footnotes":"","jetpack_publicize_message":"","jetpack_is_tweetstorm":false,"jetpack_publicize_feature_enabled":true},"categories":[28,11,25],"tags":[],"class_list":["post-3131","post","type-post","status-publish","format-image","has-post-thumbnail","hentry","category-destaque","category-news","category-presidente","post_format-post-format-image"],"jetpack_featured_media_url":"https:\/\/i0.wp.com\/jsdacores.pt\/front\/wp-content\/uploads\/2017\/08\/Fl\u00e1vio-Soares-encerramento-UV2017-e1503410309680.jpg?fit=4250%2C3304","jetpack_publicize_connections":[],"jetpack_sharing_enabled":true,"jetpack_shortlink":"https:\/\/wp.me\/p8wvZV-Ov","_links":{"self":[{"href":"http:\/\/jsdacores.pt\/front\/wp-json\/wp\/v2\/posts\/3131","targetHints":{"allow":["GET"]}}],"collection":[{"href":"http:\/\/jsdacores.pt\/front\/wp-json\/wp\/v2\/posts"}],"about":[{"href":"http:\/\/jsdacores.pt\/front\/wp-json\/wp\/v2\/types\/post"}],"author":[{"embeddable":true,"href":"http:\/\/jsdacores.pt\/front\/wp-json\/wp\/v2\/users\/1"}],"replies":[{"embeddable":true,"href":"http:\/\/jsdacores.pt\/front\/wp-json\/wp\/v2\/comments?post=3131"}],"version-history":[{"count":2,"href":"http:\/\/jsdacores.pt\/front\/wp-json\/wp\/v2\/posts\/3131\/revisions"}],"predecessor-version":[{"id":3134,"href":"http:\/\/jsdacores.pt\/front\/wp-json\/wp\/v2\/posts\/3131\/revisions\/3134"}],"wp:featuredmedia":[{"embeddable":true,"href":"http:\/\/jsdacores.pt\/front\/wp-json\/wp\/v2\/media\/3132"}],"wp:attachment":[{"href":"http:\/\/jsdacores.pt\/front\/wp-json\/wp\/v2\/media?parent=3131"}],"wp:term":[{"taxonomy":"category","embeddable":true,"href":"http:\/\/jsdacores.pt\/front\/wp-json\/wp\/v2\/categories?post=3131"},{"taxonomy":"post_tag","embeddable":true,"href":"http:\/\/jsdacores.pt\/front\/wp-json\/wp\/v2\/tags?post=3131"}],"curies":[{"name":"wp","href":"https:\/\/api.w.org\/{rel}","templated":true}]}}