{"id":3209,"date":"2017-09-19T09:29:45","date_gmt":"2017-09-19T09:29:45","guid":{"rendered":"http:\/\/jsdacores.pt\/front\/?p=3209"},"modified":"2017-11-06T19:58:48","modified_gmt":"2017-11-06T19:58:48","slug":"jsdacores-apela-aos-candidatos-autarquicos-para-que-durante-a-campanha-eleitoral-nao-esquecam-a-juventude","status":"publish","type":"post","link":"http:\/\/jsdacores.pt\/front\/news\/jsdacores-apela-aos-candidatos-autarquicos-para-que-durante-a-campanha-eleitoral-nao-esquecam-a-juventude\/","title":{"rendered":"JSD\/A\u00e7ores apela aos candidatos aut\u00e1rquicos para que &#8220;durante a campanha eleitoral n\u00e3o esque\u00e7am a Juventude&#8221;"},"content":{"rendered":"<h4>A Juventude Social Democrata dos A\u00e7ores apelou ontem a todos os candidatos aut\u00e1rquicos para que &#8220;durante a campanha eleitoral que se iniciou n\u00e3o esque\u00e7am o contributo, o papel din\u00e2mico e empenhado que a juventude de todos os A\u00e7ores pode aportar para este per\u00edodo decisivo em muitos concelhos A\u00e7orianos&#8221;.<\/h4>\n<p>Foi no final da reuni\u00e3o da comiss\u00e3o pol\u00edtica permanente, agendada para discutir a participa\u00e7\u00e3o da estrutura na campanha eleitoral, que a JSD\/A\u00e7ores &#8220;real\u00e7ou a elevada participa\u00e7\u00e3o de jovens nas listas aut\u00e1rquicas sendo grande parte deles actuais ou passados quadros da JSD&#8221; o que no entender da CPR Permanente prova que a juventude social democrata &#8220;n\u00e3o \u00e1 apenas uma estrutura aut\u00f3noma, \u00e9 acima de tudo uma escola de promo\u00e7\u00e3o da participa\u00e7\u00e3o c\u00edvica&#8221; nos A\u00e7ores.<\/p>\n<p>&#8220;Deixando uma palavra de apoio a todos os candidatos que s\u00e3o ou j\u00e1 foram da JSD, acreditamos na vit\u00f3ria, n\u00e3o por ser do PSD, mas porque os A\u00e7ores necessitam&#8221; deixando tamb\u00e9m uma palavra de apre\u00e7o a todas as CPI, CPC e n\u00facleos das estrutura locais pela forma como &#8220;enriqueceram estas elei\u00e7\u00f5es aut\u00e1rquicas&#8221;.<\/p>\n","protected":false},"excerpt":{"rendered":"<p>A Juventude Social Democrata dos A\u00e7ores apelou ontem a todos os candidatos aut\u00e1rquicos para que &#8220;durante a campanha eleitoral que se iniciou n\u00e3o esque\u00e7am o contributo,<span class=\"excerpt-hellip\"> [\u2026]<\/span><\/p>\n","protected":false},"author":1,"featured_media":3054,"comment_status":"open","ping_status":"open","sticky":false,"template":"","format":"image","meta":{"spay_email":"","footnotes":"","jetpack_publicize_message":"","jetpack_is_tweetstorm":false,"jetpack_publicize_feature_enabled":true},"categories":[18,11],"tags":[],"class_list":["post-3209","post","type-post","status-publish","format-image","has-post-thumbnail","hentry","category-autarquicas2021","category-news","post_format-post-format-image"],"jetpack_featured_media_url":"https:\/\/i0.wp.com\/jsdacores.pt\/front\/wp-content\/uploads\/2017\/07\/Gautarquicas-quadrado-15-e1501004295467.jpg?fit=1876%2C1236","jetpack_publicize_connections":[],"jetpack_sharing_enabled":true,"jetpack_shortlink":"https:\/\/wp.me\/p8wvZV-PL","_links":{"self":[{"href":"http:\/\/jsdacores.pt\/front\/wp-json\/wp\/v2\/posts\/3209","targetHints":{"allow":["GET"]}}],"collection":[{"href":"http:\/\/jsdacores.pt\/front\/wp-json\/wp\/v2\/posts"}],"about":[{"href":"http:\/\/jsdacores.pt\/front\/wp-json\/wp\/v2\/types\/post"}],"author":[{"embeddable":true,"href":"http:\/\/jsdacores.pt\/front\/wp-json\/wp\/v2\/users\/1"}],"replies":[{"embeddable":true,"href":"http:\/\/jsdacores.pt\/front\/wp-json\/wp\/v2\/comments?post=3209"}],"version-history":[{"count":3,"href":"http:\/\/jsdacores.pt\/front\/wp-json\/wp\/v2\/posts\/3209\/revisions"}],"predecessor-version":[{"id":3212,"href":"http:\/\/jsdacores.pt\/front\/wp-json\/wp\/v2\/posts\/3209\/revisions\/3212"}],"wp:featuredmedia":[{"embeddable":true,"href":"http:\/\/jsdacores.pt\/front\/wp-json\/wp\/v2\/media\/3054"}],"wp:attachment":[{"href":"http:\/\/jsdacores.pt\/front\/wp-json\/wp\/v2\/media?parent=3209"}],"wp:term":[{"taxonomy":"category","embeddable":true,"href":"http:\/\/jsdacores.pt\/front\/wp-json\/wp\/v2\/categories?post=3209"},{"taxonomy":"post_tag","embeddable":true,"href":"http:\/\/jsdacores.pt\/front\/wp-json\/wp\/v2\/tags?post=3209"}],"curies":[{"name":"wp","href":"https:\/\/api.w.org\/{rel}","templated":true}]}}