{"id":3257,"date":"2017-10-13T11:15:07","date_gmt":"2017-10-13T11:15:07","guid":{"rendered":"http:\/\/jsdacores.pt\/front\/?p=3257"},"modified":"2017-11-06T19:57:56","modified_gmt":"2017-11-06T19:57:56","slug":"alunos-da-uv-acores-concluem-visita-a-instituicoes-europeias","status":"publish","type":"post","link":"http:\/\/jsdacores.pt\/front\/news\/alunos-da-uv-acores-concluem-visita-a-instituicoes-europeias\/","title":{"rendered":"Alunos da UV A\u00e7ores concluem visita a institui\u00e7\u00f5es europeias"},"content":{"rendered":"<h4>A convite da eurodeputada a\u00e7oriana, Sofia Ribeiro, os alunos da Universidade de Ver\u00e3o A\u00e7ores foram integrados num grupo que durante esta semana visitou diversas institui\u00e7\u00f5es europeias e internacionais num esfor\u00e7o de aproxima\u00e7\u00e3o dos A\u00e7ores \u00e0 Europa, uma bandeira da eurodeputada anfitri\u00e3.<\/h4>\n<p>&#8220;Para al\u00e9m do Parlamento Europeu, este grupo tamb\u00e9m visitou o Quartel-General da NATO, a Comiss\u00e3o Europeia (tendo reunido com o Comiss\u00e1rio Carlos Moedas), o Conselho Econ\u00f3mico e Social Europeu (tendo reunido com o seu Vice-Presidente Gon\u00e7alo Lobo Xavier) e o Col\u00e9gio da Europa&#8221; afirmou ontem Sofia Ribeiro na sua p\u00e1gina institucional.<\/p>\n<p>Na delega\u00e7\u00e3o da UV A\u00e7ores participaram o Presidente da JSD\/A\u00e7ores, Fl\u00e1vio Soares, a Vice-Presidente, Vit\u00f3ria Silva e a Secret\u00e1ria Geral Regional, Eunice Pinheiro Sousa que, para al\u00e9m dos alunos, se juntaram a deputados da Assembleia Legislativa Regional dos A\u00e7ores bem como a docentes e alunos da Universidade dos A\u00e7ores do curso de Estudos Europeus e Rela\u00e7\u00f5es Internacionais.<\/p>\n<p>No final da visita, Fl\u00e1vio Soares salientou &#8220;a import\u00e2ncia da integra\u00e7\u00e3o de uma regi\u00e3o posicionada t\u00e3o afastada do continente europeu num contexto t\u00e3o importante internacionalmente como a Uni\u00e3o Europeia&#8221; refor\u00e7ando a &#8220;import\u00e2ncia deste tipo de viagens nessa integra\u00e7\u00e3o&#8221;.<\/p>\n","protected":false},"excerpt":{"rendered":"<p>A convite da eurodeputada a\u00e7oriana, Sofia Ribeiro, os alunos da Universidade de Ver\u00e3o A\u00e7ores foram integrados num grupo que durante esta semana visitou diversas institui\u00e7\u00f5es europeias<span class=\"excerpt-hellip\"> [\u2026]<\/span><\/p>\n","protected":false},"author":1,"featured_media":3341,"comment_status":"open","ping_status":"open","sticky":false,"template":"","format":"image","meta":{"spay_email":"","footnotes":"","jetpack_publicize_message":"","jetpack_is_tweetstorm":false,"jetpack_publicize_feature_enabled":true},"categories":[28,11,22],"tags":[],"class_list":["post-3257","post","type-post","status-publish","format-image","has-post-thumbnail","hentry","category-destaque","category-news","category-uv-acores","post_format-post-format-image"],"jetpack_featured_media_url":"https:\/\/i0.wp.com\/jsdacores.pt\/front\/wp-content\/uploads\/2017\/10\/22366335_1644570598889164_7996587636468634342_n.jpg?fit=1207%2C900","jetpack_publicize_connections":[],"jetpack_sharing_enabled":true,"jetpack_shortlink":"https:\/\/wp.me\/p8wvZV-Qx","_links":{"self":[{"href":"http:\/\/jsdacores.pt\/front\/wp-json\/wp\/v2\/posts\/3257","targetHints":{"allow":["GET"]}}],"collection":[{"href":"http:\/\/jsdacores.pt\/front\/wp-json\/wp\/v2\/posts"}],"about":[{"href":"http:\/\/jsdacores.pt\/front\/wp-json\/wp\/v2\/types\/post"}],"author":[{"embeddable":true,"href":"http:\/\/jsdacores.pt\/front\/wp-json\/wp\/v2\/users\/1"}],"replies":[{"embeddable":true,"href":"http:\/\/jsdacores.pt\/front\/wp-json\/wp\/v2\/comments?post=3257"}],"version-history":[{"count":7,"href":"http:\/\/jsdacores.pt\/front\/wp-json\/wp\/v2\/posts\/3257\/revisions"}],"predecessor-version":[{"id":3265,"href":"http:\/\/jsdacores.pt\/front\/wp-json\/wp\/v2\/posts\/3257\/revisions\/3265"}],"wp:featuredmedia":[{"embeddable":true,"href":"http:\/\/jsdacores.pt\/front\/wp-json\/wp\/v2\/media\/3341"}],"wp:attachment":[{"href":"http:\/\/jsdacores.pt\/front\/wp-json\/wp\/v2\/media?parent=3257"}],"wp:term":[{"taxonomy":"category","embeddable":true,"href":"http:\/\/jsdacores.pt\/front\/wp-json\/wp\/v2\/categories?post=3257"},{"taxonomy":"post_tag","embeddable":true,"href":"http:\/\/jsdacores.pt\/front\/wp-json\/wp\/v2\/tags?post=3257"}],"curies":[{"name":"wp","href":"https:\/\/api.w.org\/{rel}","templated":true}]}}