{"id":3266,"date":"2017-10-16T13:09:21","date_gmt":"2017-10-16T13:09:21","guid":{"rendered":"http:\/\/jsdacores.pt\/front\/?p=3266"},"modified":"2017-11-06T19:57:48","modified_gmt":"2017-11-06T19:57:48","slug":"mensagem-do-presidente-da-jsdacores-por-ocasiao-dos-fogos-florestais-em-portugal-continental","status":"publish","type":"post","link":"http:\/\/jsdacores.pt\/front\/news\/mensagem-do-presidente-da-jsdacores-por-ocasiao-dos-fogos-florestais-em-portugal-continental\/","title":{"rendered":"Mensagem do Presidente da JSD\/A\u00e7ores por ocasi\u00e3o dos fogos florestais em Portugal Continental"},"content":{"rendered":"<h4>O Presidente da JSD\/A\u00e7ores, Fl\u00e1vio Soares,tornou p\u00fablica hoje uma mensagem por ocasi\u00e3o dos fogos florestais, que pela segunda vez este ano, devastam Portugal Continental:<\/h4>\n<p>&#8220;As l\u00e1grimas que os A\u00e7orianos e as A\u00e7orianas derramaram ao longo da nossa hist\u00f3ria por ver as nossas ilhas destru\u00eddas pela natureza ensinaram-nos que nada controla a sua for\u00e7a devastadora, mas as suas consequ\u00eancias podem e devem ser mitigadas com o planeamento apropriado. E se n\u00e3o foi a natureza a respons\u00e1vel, que se levem os respons\u00e1veis \u00e0 justi\u00e7a.<\/p>\n<p>Em mais esta altura de dor, ao vermos Portugal a arder, estamos com todos os afetados por mais esta trag\u00e9dia, na certeza que cada l\u00e1grima derramada n\u00e3o pode ser ignorada&#8221;<\/p>\n","protected":false},"excerpt":{"rendered":"<p>O Presidente da JSD\/A\u00e7ores, Fl\u00e1vio Soares,tornou p\u00fablica hoje uma mensagem por ocasi\u00e3o dos fogos florestais, que pela segunda vez este ano, devastam Portugal Continental: &#8220;As l\u00e1grimas<span class=\"excerpt-hellip\"> [\u2026]<\/span><\/p>\n","protected":false},"author":1,"featured_media":3267,"comment_status":"open","ping_status":"open","sticky":false,"template":"","format":"image","meta":{"spay_email":"","footnotes":"","jetpack_publicize_message":"","jetpack_is_tweetstorm":false,"jetpack_publicize_feature_enabled":true},"categories":[11,25],"tags":[],"class_list":["post-3266","post","type-post","status-publish","format-image","has-post-thumbnail","hentry","category-news","category-presidente","post_format-post-format-image"],"jetpack_featured_media_url":"https:\/\/i0.wp.com\/jsdacores.pt\/front\/wp-content\/uploads\/2017\/10\/ESPERAN\u00c7A-15-e1508158519579.jpg?fit=1876%2C1189","jetpack_publicize_connections":[],"jetpack_sharing_enabled":true,"jetpack_shortlink":"https:\/\/wp.me\/p8wvZV-QG","_links":{"self":[{"href":"http:\/\/jsdacores.pt\/front\/wp-json\/wp\/v2\/posts\/3266","targetHints":{"allow":["GET"]}}],"collection":[{"href":"http:\/\/jsdacores.pt\/front\/wp-json\/wp\/v2\/posts"}],"about":[{"href":"http:\/\/jsdacores.pt\/front\/wp-json\/wp\/v2\/types\/post"}],"author":[{"embeddable":true,"href":"http:\/\/jsdacores.pt\/front\/wp-json\/wp\/v2\/users\/1"}],"replies":[{"embeddable":true,"href":"http:\/\/jsdacores.pt\/front\/wp-json\/wp\/v2\/comments?post=3266"}],"version-history":[{"count":4,"href":"http:\/\/jsdacores.pt\/front\/wp-json\/wp\/v2\/posts\/3266\/revisions"}],"predecessor-version":[{"id":3271,"href":"http:\/\/jsdacores.pt\/front\/wp-json\/wp\/v2\/posts\/3266\/revisions\/3271"}],"wp:featuredmedia":[{"embeddable":true,"href":"http:\/\/jsdacores.pt\/front\/wp-json\/wp\/v2\/media\/3267"}],"wp:attachment":[{"href":"http:\/\/jsdacores.pt\/front\/wp-json\/wp\/v2\/media?parent=3266"}],"wp:term":[{"taxonomy":"category","embeddable":true,"href":"http:\/\/jsdacores.pt\/front\/wp-json\/wp\/v2\/categories?post=3266"},{"taxonomy":"post_tag","embeddable":true,"href":"http:\/\/jsdacores.pt\/front\/wp-json\/wp\/v2\/tags?post=3266"}],"curies":[{"name":"wp","href":"https:\/\/api.w.org\/{rel}","templated":true}]}}