{"id":3461,"date":"2017-11-13T11:26:50","date_gmt":"2017-11-13T11:26:50","guid":{"rendered":"http:\/\/jsdacores.pt\/front\/?p=3461"},"modified":"2017-11-13T11:30:15","modified_gmt":"2017-11-13T11:30:15","slug":"jsdmadalena-do-pico-promove-amanha-nova-edicao-das-conversas-de-cafe","status":"publish","type":"post","link":"http:\/\/jsdacores.pt\/front\/news\/jsdmadalena-do-pico-promove-amanha-nova-edicao-das-conversas-de-cafe\/","title":{"rendered":"JSD\/Madalena do Pico promove amanh\u00e3 nova edi\u00e7\u00e3o das &#8220;Conversas de Caf\u00e9&#8221;"},"content":{"rendered":"<h4>A estrutura concelhia da Madalena do Pico da JSD\/A\u00e7ores promove amanh\u00e3 uma nova edi\u00e7\u00e3o da &#8220;Conversas de Caf\u00e9&#8221; sobre o tema da m\u00fasica na ilha do Pico com personalidades da vida cultural do concelho.<\/h4>\n<p>O evento que conta com a participa\u00e7\u00e3o de Nuno Pereira, Bruno Costa e C\u00e9sar Matos termina com uma &#8220;jam session&#8221; juntado os participantes em mais uma iniciativa da JSD\/Madalena, que tem in\u00edcio \u00e0s 21:30 no Caf\u00e9 Concerto.<\/p>\n","protected":false},"excerpt":{"rendered":"<p>A estrutura concelhia da Madalena do Pico da JSD\/A\u00e7ores promove amanh\u00e3 uma nova edi\u00e7\u00e3o da &#8220;Conversas de Caf\u00e9&#8221; sobre o tema da m\u00fasica na ilha do<span class=\"excerpt-hellip\"> [\u2026]<\/span><\/p>\n","protected":false},"author":1,"featured_media":3464,"comment_status":"open","ping_status":"open","sticky":false,"template":"","format":"image","meta":{"spay_email":"","footnotes":"","jetpack_publicize_message":"","jetpack_is_tweetstorm":false,"jetpack_publicize_feature_enabled":true},"categories":[11,24],"tags":[],"class_list":["post-3461","post","type-post","status-publish","format-image","has-post-thumbnail","hentry","category-news","category-jotalocal","post_format-post-format-image"],"jetpack_featured_media_url":"https:\/\/i0.wp.com\/jsdacores.pt\/front\/wp-content\/uploads\/2017\/11\/maxresdefault-e1510572600722.jpg?fit=1201%2C796","jetpack_publicize_connections":[],"jetpack_sharing_enabled":true,"jetpack_shortlink":"https:\/\/wp.me\/p8wvZV-TP","_links":{"self":[{"href":"http:\/\/jsdacores.pt\/front\/wp-json\/wp\/v2\/posts\/3461","targetHints":{"allow":["GET"]}}],"collection":[{"href":"http:\/\/jsdacores.pt\/front\/wp-json\/wp\/v2\/posts"}],"about":[{"href":"http:\/\/jsdacores.pt\/front\/wp-json\/wp\/v2\/types\/post"}],"author":[{"embeddable":true,"href":"http:\/\/jsdacores.pt\/front\/wp-json\/wp\/v2\/users\/1"}],"replies":[{"embeddable":true,"href":"http:\/\/jsdacores.pt\/front\/wp-json\/wp\/v2\/comments?post=3461"}],"version-history":[{"count":2,"href":"http:\/\/jsdacores.pt\/front\/wp-json\/wp\/v2\/posts\/3461\/revisions"}],"predecessor-version":[{"id":3465,"href":"http:\/\/jsdacores.pt\/front\/wp-json\/wp\/v2\/posts\/3461\/revisions\/3465"}],"wp:featuredmedia":[{"embeddable":true,"href":"http:\/\/jsdacores.pt\/front\/wp-json\/wp\/v2\/media\/3464"}],"wp:attachment":[{"href":"http:\/\/jsdacores.pt\/front\/wp-json\/wp\/v2\/media?parent=3461"}],"wp:term":[{"taxonomy":"category","embeddable":true,"href":"http:\/\/jsdacores.pt\/front\/wp-json\/wp\/v2\/categories?post=3461"},{"taxonomy":"post_tag","embeddable":true,"href":"http:\/\/jsdacores.pt\/front\/wp-json\/wp\/v2\/tags?post=3461"}],"curies":[{"name":"wp","href":"https:\/\/api.w.org\/{rel}","templated":true}]}}