{"id":3473,"date":"2017-11-16T11:04:17","date_gmt":"2017-11-16T11:04:17","guid":{"rendered":"http:\/\/jsdacores.pt\/front\/?p=3473"},"modified":"2017-11-20T18:09:30","modified_gmt":"2017-11-20T18:09:30","slug":"cimeira-atlantica-jovem-inicia-se-amanha-na-madeira","status":"publish","type":"post","link":"http:\/\/jsdacores.pt\/front\/news\/cimeira-atlantica-jovem-inicia-se-amanha-na-madeira\/","title":{"rendered":"Cimeira Atl\u00e2ntica Jovem inicia-se amanh\u00e3 na Madeira"},"content":{"rendered":"<h4>A Cimeira Atl\u00e2ntica Jovem, uma iniciativa com hist\u00f3ria, das duas estruturas regionais da JSD da Madeira e A\u00e7ores, tem inicio amanh\u00e3 na Madeira com a participa\u00e7\u00e3o da comitiva A\u00e7oriana, chefiada por Fl\u00e1vio Soares.<\/h4>\n<p>A Cimeira Atl\u00e2ntica decorre, nesta edi\u00e7\u00e3o no arquip\u00e9lago Madeirense, com uma organiza\u00e7\u00e3o diferente, estando integrada no V Conselho Regional da JSD\/Madeira onde, para al\u00e9m das comitivas, participam os conselheiros regionais e militantes da estrutura Madeirense da Juventude Social Democrata. Depois da sess\u00e3o de abertura, decorrem em locais separados as discuss\u00f5es tem\u00e1ticas, com a modera\u00e7\u00e3o dos deputados da ALRAM, R\u00f3mulo Coelho, Marco Gon\u00e7alves, Jorge Vale Fernandes, Josefina Carreira, Paula Freitas Menezes, Jo\u00e3o Paulo Marques e Fernanda Cardoso.<\/p>\n<p>Nesta nova edi\u00e7\u00e3o, debate-se temas desde a Sa\u00fade, Juventude, Economia\/Emprego, Ambiente\/Agricultura\/Pescas, Inclus\u00e3o e Assuntos Sociais, Turismo\/Cultura e Educa\u00e7\u00e3o numa partilha de experi\u00eancia e conhecimento entre os dois arquip\u00e9lagos Portugueses.<\/p>\n<p>Fl\u00e1vio Soares, \u00e0 margem da Cimeira, participa no s\u00e1bado de manh\u00e3, em Machico, na reuni\u00e3o do Conselho Regional do PSD\/Madeira a convite de Andr\u00e9 Alves, presidente da JSD\/Madeira.<\/p>\n<p>Sendo a primeira vez que, de forma aberta, decorre a Cimeira Atl\u00e2ntica, o Presidente da JSD\/A\u00e7ores, saudou a JSD\/Madeira &#8220;pela invoca\u00e7\u00e3o que imprimiu nesta nova edi\u00e7\u00e3o&#8221; da iniciativa conjunta que une a duas estruturas \u00e0 v\u00e1rios anos.<\/p>\n<p>Para al\u00e9m do pr\u00f3prio, juntam-se \u00e0 comitiva A\u00e7oriana os Vice-Presidentes Regionais, Lu\u00eds Pereira e Andr\u00e9 Soares, a Secret\u00e1ria Geral, Eunice Pinheiro Sousa e a Vereadora da JSD em Vila do Porto, Leonor Batista.<\/p>\n","protected":false},"excerpt":{"rendered":"<p>A Cimeira Atl\u00e2ntica Jovem, uma iniciativa com hist\u00f3ria, das duas estruturas regionais da JSD da Madeira e A\u00e7ores, tem inicio amanh\u00e3 na Madeira com a participa\u00e7\u00e3o<span class=\"excerpt-hellip\"> [\u2026]<\/span><\/p>\n","protected":false},"author":1,"featured_media":3286,"comment_status":"open","ping_status":"open","sticky":false,"template":"","format":"image","meta":{"spay_email":"","footnotes":"","jetpack_publicize_message":"","jetpack_is_tweetstorm":false,"jetpack_publicize_feature_enabled":true},"categories":[11,25],"tags":[],"class_list":["post-3473","post","type-post","status-publish","format-image","has-post-thumbnail","hentry","category-news","category-presidente","post_format-post-format-image"],"jetpack_featured_media_url":"https:\/\/i0.wp.com\/jsdacores.pt\/front\/wp-content\/uploads\/2017\/10\/grafismo2.jpg?fit=2627%2C1789","jetpack_publicize_connections":[],"jetpack_sharing_enabled":true,"jetpack_shortlink":"https:\/\/wp.me\/p8wvZV-U1","_links":{"self":[{"href":"http:\/\/jsdacores.pt\/front\/wp-json\/wp\/v2\/posts\/3473","targetHints":{"allow":["GET"]}}],"collection":[{"href":"http:\/\/jsdacores.pt\/front\/wp-json\/wp\/v2\/posts"}],"about":[{"href":"http:\/\/jsdacores.pt\/front\/wp-json\/wp\/v2\/types\/post"}],"author":[{"embeddable":true,"href":"http:\/\/jsdacores.pt\/front\/wp-json\/wp\/v2\/users\/1"}],"replies":[{"embeddable":true,"href":"http:\/\/jsdacores.pt\/front\/wp-json\/wp\/v2\/comments?post=3473"}],"version-history":[{"count":6,"href":"http:\/\/jsdacores.pt\/front\/wp-json\/wp\/v2\/posts\/3473\/revisions"}],"predecessor-version":[{"id":3479,"href":"http:\/\/jsdacores.pt\/front\/wp-json\/wp\/v2\/posts\/3473\/revisions\/3479"}],"wp:featuredmedia":[{"embeddable":true,"href":"http:\/\/jsdacores.pt\/front\/wp-json\/wp\/v2\/media\/3286"}],"wp:attachment":[{"href":"http:\/\/jsdacores.pt\/front\/wp-json\/wp\/v2\/media?parent=3473"}],"wp:term":[{"taxonomy":"category","embeddable":true,"href":"http:\/\/jsdacores.pt\/front\/wp-json\/wp\/v2\/categories?post=3473"},{"taxonomy":"post_tag","embeddable":true,"href":"http:\/\/jsdacores.pt\/front\/wp-json\/wp\/v2\/tags?post=3473"}],"curies":[{"name":"wp","href":"https:\/\/api.w.org\/{rel}","templated":true}]}}