{"id":3481,"date":"2017-11-19T16:36:49","date_gmt":"2017-11-19T16:36:49","guid":{"rendered":"http:\/\/jsdacores.pt\/front\/?p=3481"},"modified":"2017-11-20T18:24:54","modified_gmt":"2017-11-20T18:24:54","slug":"flavio-soares","status":"publish","type":"post","link":"http:\/\/jsdacores.pt\/front\/news\/flavio-soares\/","title":{"rendered":"Fl\u00e1vio Soares defende a educa\u00e7\u00e3o como uma \u201caposta no futuro\u201d"},"content":{"rendered":"<h4>O Presidente da JSD\/A\u00e7ores, Fl\u00e1vio Soares, deixou ontem o apelo para uma \u201caposta s\u00e9ria e continua na forma\u00e7\u00e3o e qualifica\u00e7\u00e3o dos jovens, como um mecanismo de progresso e desenvolvimento\u201d numa interven\u00e7\u00e3o marcada pelas cr\u00edticas ao governo regional e nacional.<\/h4>\n<p>O l\u00edder social democrata, falando no encerramento da Cimeira Atl\u00e2ntica Jovem, na Madeira, exigiu a melhoria dos gabinetes multidisciplinares de orienta\u00e7\u00e3o para o ensino t\u00e9cnico ou superior, encarando-os como \u201cuma lacuna\u201d nos A\u00e7ores.<\/p>\n<p>Fl\u00e1vio Soares, volta a apelar a uma discuss\u00e3o s\u00e9ria dos indicadores de sa\u00fade nos A\u00e7ores, ligados a comportamentos de risco e consumos nocivos, pedindo a entrada dos profissionais de sa\u00fade nas escolas, de forma planeada a n\u00edvel regional, coerente com os objetivos tra\u00e7ados atrav\u00e9s das estat\u00edsticas regionais e com uma estrutura de coordena\u00e7\u00e3o funcional.<\/p>\n<p>Acompanhando as cr\u00edticas do PSD A\u00e7ores ao sistema de justi\u00e7a nos A\u00e7ores, Fl\u00e1vio Soares afirmou que o governo nacional \u201catira para as costa as suas responsabilidade\u201d quer nos A\u00e7ores, quer na Madeira.<\/p>\n<p>\u201cNa mesma semana que o governo apresentou um or\u00e7amento que aumenta o peso do estado, a despesa p\u00fablica e recusa medidas ficais de apoio ao empreendorismo, o primeiro ministro, Ant\u00f3nio Costa, foi \u00e0 Web Summit apelar ao empreendorismo\u201d dando o exemplo de m\u00faltiplas contradi\u00e7\u00f5es do per\u00edodo \u201cconturbado em que vivemos\u201d.<\/p>\n<p>&nbsp;<\/p>\n<h3>Cimeira Atl\u00e2ntica<\/h3>\n<p>Quando pela primeira vez uma Cimeira Atl\u00e2ntica Jovem decorreu integrada num conselho regional de uma das estruturas participantes, a JSD A\u00e7ores pediu para que n\u00e3o se descure \u201ca galinha dos ovos de ouros, a nossa agricultura e pescas\u201d em deterimento do turismo, reconhecendo a enorme din\u00e2mica econ\u00f3mica criada, mas tamb\u00e9m \u201cos enormes desafios que continua a colocar aos A\u00e7ores\u201d.<\/p>\n<p>A JSD A\u00e7ores pediu: um modelo de a\u00e7\u00e3o social, n\u00e3o baseada no assistencialismo eleitoralista, mas concentrado na resposta \u00e0s necessidades prementes dos A\u00e7orianos; uma Universidade dos A\u00e7ores virada para as necessidades econ\u00f3micas e sociais da regi\u00e3o, de \u201cm\u00e3os dadas com a sociedade A\u00e7oriana e sem medo de tomar op\u00e7\u00f5es dif\u00edceis\u201d; que se ou\u00e7a o grito de ajuda de uma gera\u00e7\u00e3o que, vendo-se obrigada a sair das suas ilhas, \u201cn\u00e3o tem condi\u00e7\u00f5es para regressar\u201d.<\/p>\n<p>Foi pedido um \u201cverdadeiro servi\u00e7o regional de sa\u00fade\u201d, com uma compara\u00e7\u00e3o muito negativa ao servi\u00e7o regional de sa\u00fade madeirense, que conta com \u201cmelhores acessos e mais recursos humanos\u201d, apesar de serem duas ilhas.<\/p>\n<p>\u201cNecessitamos de uma pol\u00edtica planeada em dados reais, n\u00e3o em resultados travestidos que servem os objetivos moment\u00e2neos de quem governa\u201d l\u00ea-se nas conclus\u00f5es finais a\u00e7orianas.<\/p>\n<p>A Cimeira Atl\u00e2ntica decorreu este fim-de-semana na Calheta, Madeira, integrado no V Conselho Regional da JSD\/Madeira. Contou com a participa\u00e7\u00e3o da comitiva a\u00e7oriana composto por Fl\u00e1vio Soares, Lu\u00eds Pereira, Andr\u00e9 Soares, Eunice Pinheiro Sousa e Leonor Batista.<\/p>\n","protected":false},"excerpt":{"rendered":"<p>O Presidente da JSD\/A\u00e7ores, Fl\u00e1vio Soares, deixou ontem o apelo para uma \u201caposta s\u00e9ria e continua na forma\u00e7\u00e3o e qualifica\u00e7\u00e3o dos jovens, como um mecanismo de<span class=\"excerpt-hellip\"> [\u2026]<\/span><\/p>\n","protected":false},"author":1,"featured_media":3527,"comment_status":"open","ping_status":"open","sticky":false,"template":"","format":"image","meta":{"spay_email":"","footnotes":"","jetpack_publicize_message":"","jetpack_is_tweetstorm":false,"jetpack_publicize_feature_enabled":true},"categories":[28,11,25],"tags":[],"class_list":["post-3481","post","type-post","status-publish","format-image","has-post-thumbnail","hentry","category-destaque","category-news","category-presidente","post_format-post-format-image"],"jetpack_featured_media_url":"https:\/\/i0.wp.com\/jsdacores.pt\/front\/wp-content\/uploads\/2017\/11\/23674802_1760749720610805_7342130243251903567_o.jpg?fit=1546%2C1093","jetpack_publicize_connections":[],"jetpack_sharing_enabled":true,"jetpack_shortlink":"https:\/\/wp.me\/p8wvZV-U9","_links":{"self":[{"href":"http:\/\/jsdacores.pt\/front\/wp-json\/wp\/v2\/posts\/3481","targetHints":{"allow":["GET"]}}],"collection":[{"href":"http:\/\/jsdacores.pt\/front\/wp-json\/wp\/v2\/posts"}],"about":[{"href":"http:\/\/jsdacores.pt\/front\/wp-json\/wp\/v2\/types\/post"}],"author":[{"embeddable":true,"href":"http:\/\/jsdacores.pt\/front\/wp-json\/wp\/v2\/users\/1"}],"replies":[{"embeddable":true,"href":"http:\/\/jsdacores.pt\/front\/wp-json\/wp\/v2\/comments?post=3481"}],"version-history":[{"count":5,"href":"http:\/\/jsdacores.pt\/front\/wp-json\/wp\/v2\/posts\/3481\/revisions"}],"predecessor-version":[{"id":3536,"href":"http:\/\/jsdacores.pt\/front\/wp-json\/wp\/v2\/posts\/3481\/revisions\/3536"}],"wp:featuredmedia":[{"embeddable":true,"href":"http:\/\/jsdacores.pt\/front\/wp-json\/wp\/v2\/media\/3527"}],"wp:attachment":[{"href":"http:\/\/jsdacores.pt\/front\/wp-json\/wp\/v2\/media?parent=3481"}],"wp:term":[{"taxonomy":"category","embeddable":true,"href":"http:\/\/jsdacores.pt\/front\/wp-json\/wp\/v2\/categories?post=3481"},{"taxonomy":"post_tag","embeddable":true,"href":"http:\/\/jsdacores.pt\/front\/wp-json\/wp\/v2\/tags?post=3481"}],"curies":[{"name":"wp","href":"https:\/\/api.w.org\/{rel}","templated":true}]}}