{"id":3528,"date":"2017-11-20T17:47:02","date_gmt":"2017-11-20T17:47:02","guid":{"rendered":"http:\/\/jsdacores.pt\/front\/?p=3528"},"modified":"2017-11-20T18:20:42","modified_gmt":"2017-11-20T18:20:42","slug":"flavio-soares-acompanha-a-proposta-de-reducao-do-valor-das-passagens-aereas-do-psd-acores","status":"publish","type":"post","link":"http:\/\/jsdacores.pt\/front\/news\/flavio-soares-acompanha-a-proposta-de-reducao-do-valor-das-passagens-aereas-do-psd-acores\/","title":{"rendered":"Fl\u00e1vio Soares acompanha a proposta de redu\u00e7\u00e3o do valor das passagens a\u00e9reas do PSD\/A\u00e7ores"},"content":{"rendered":"<h4>O PSD\/A\u00e7ores <a href=\"http:\/\/psdacores.pt\/2017\/11\/psd-acores-propoe-preco-maximo-90-euros-nas-ligacoes-inter-ilhas\/\">anunciou hoje<\/a> &#8220;que o partido vai propor no Or\u00e7amento da Regi\u00e3o para 2018 uma descida m\u00e9dia de 25 por cento das passagens a\u00e9reas inter-ilhas, cujo pre\u00e7o m\u00e1ximo n\u00e3o poder\u00e1 exceder os 90 euros&#8221;, na abertura das jornadas parlamentares do partido, que decorrem em Ponta Delgada.<\/h4>\n<p>Fl\u00e1vio Soares, Presidente da JSD\/A\u00e7ores, acompanha a proposta do Partido Social Democrata dos A\u00e7ores considerando que &#8220;seria o fim da discrimina\u00e7\u00e3o dos jovens e menos jovens que residem fora da ilha de onde s\u00e3o naturais&#8221;.<\/p>\n<p>Uma medida que, segundo o PSD\/A\u00e7ores, poderia ser suportada pelas verbas j\u00e1 previstas no Plano e Or\u00e7amento da Regi\u00e3o para 2018, para Fl\u00e1vio Soares &#8220;pode constituir um passo no caminho para o fim da pouca vergonha que \u00e9, um jovem A\u00e7oriano, ter maior probabilidade de pagar uma passagem a metade do pre\u00e7o para fora dos A\u00e7ores quando comparada com uma para regressar a casa, se vive noutra ilha&#8221;.<\/p>\n<p>O grupo parlamentar na Assembleia Legislativa Regional continua esta semana, em Ponta Delgada, a debater as proposta de Plano e Or\u00e7amento para a Regi\u00e3o.<\/p>\n","protected":false},"excerpt":{"rendered":"<p>O PSD\/A\u00e7ores anunciou hoje &#8220;que o partido vai propor no Or\u00e7amento da Regi\u00e3o para 2018 uma descida m\u00e9dia de 25 por cento das passagens a\u00e9reas inter-ilhas,<span class=\"excerpt-hellip\"> [\u2026]<\/span><\/p>\n","protected":false},"author":1,"featured_media":2953,"comment_status":"open","ping_status":"open","sticky":false,"template":"","format":"image","meta":{"spay_email":"","footnotes":"","jetpack_publicize_message":"","jetpack_is_tweetstorm":false,"jetpack_publicize_feature_enabled":true},"categories":[28,11,25],"tags":[],"class_list":["post-3528","post","type-post","status-publish","format-image","has-post-thumbnail","hentry","category-destaque","category-news","category-presidente","post_format-post-format-image"],"jetpack_featured_media_url":"https:\/\/i0.wp.com\/jsdacores.pt\/front\/wp-content\/uploads\/2017\/06\/IMG_8073.jpg?fit=5184%2C3456","jetpack_publicize_connections":[],"jetpack_sharing_enabled":true,"jetpack_shortlink":"https:\/\/wp.me\/p8wvZV-UU","_links":{"self":[{"href":"http:\/\/jsdacores.pt\/front\/wp-json\/wp\/v2\/posts\/3528","targetHints":{"allow":["GET"]}}],"collection":[{"href":"http:\/\/jsdacores.pt\/front\/wp-json\/wp\/v2\/posts"}],"about":[{"href":"http:\/\/jsdacores.pt\/front\/wp-json\/wp\/v2\/types\/post"}],"author":[{"embeddable":true,"href":"http:\/\/jsdacores.pt\/front\/wp-json\/wp\/v2\/users\/1"}],"replies":[{"embeddable":true,"href":"http:\/\/jsdacores.pt\/front\/wp-json\/wp\/v2\/comments?post=3528"}],"version-history":[{"count":7,"href":"http:\/\/jsdacores.pt\/front\/wp-json\/wp\/v2\/posts\/3528\/revisions"}],"predecessor-version":[{"id":3535,"href":"http:\/\/jsdacores.pt\/front\/wp-json\/wp\/v2\/posts\/3528\/revisions\/3535"}],"wp:featuredmedia":[{"embeddable":true,"href":"http:\/\/jsdacores.pt\/front\/wp-json\/wp\/v2\/media\/2953"}],"wp:attachment":[{"href":"http:\/\/jsdacores.pt\/front\/wp-json\/wp\/v2\/media?parent=3528"}],"wp:term":[{"taxonomy":"category","embeddable":true,"href":"http:\/\/jsdacores.pt\/front\/wp-json\/wp\/v2\/categories?post=3528"},{"taxonomy":"post_tag","embeddable":true,"href":"http:\/\/jsdacores.pt\/front\/wp-json\/wp\/v2\/tags?post=3528"}],"curies":[{"name":"wp","href":"https:\/\/api.w.org\/{rel}","templated":true}]}}