{"id":3660,"date":"2017-12-28T12:32:37","date_gmt":"2017-12-28T12:32:37","guid":{"rendered":"http:\/\/jsdacores.pt\/front\/?p=3660"},"modified":"2018-01-23T11:48:39","modified_gmt":"2018-01-23T11:48:39","slug":"flavio-soares-reune-com-a-ajifa-numa-serie-de-contactos-com-organizacoes-de-juventude","status":"publish","type":"post","link":"http:\/\/jsdacores.pt\/front\/news\/flavio-soares-reune-com-a-ajifa-numa-serie-de-contactos-com-organizacoes-de-juventude\/","title":{"rendered":"Fl\u00e1vio Soares reune com a AJIFA, numa s\u00e9rie de contactos com organiza\u00e7\u00f5es de juventude"},"content":{"rendered":"<h4>O Presidente da JSD\/A\u00e7ores, Fl\u00e1vio Soares, reuniu hoje com a AJIFA &#8211; Associa\u00e7\u00e3o de Jovens da Ilha do Faial, na sequ\u00eancia de uma s\u00e9rie de contactos com organiza\u00e7\u00f5es de juventude por todo o arquip\u00e9lago.<\/h4>\n<p>&#8220;Temos o objetivo de, em conjunto com as nossas estruturas locais, colocarmos a JSD\/A\u00e7ores ao servi\u00e7o das associa\u00e7\u00f5es de jovens de todas as ilhas, n\u00e3o para a politiquice partid\u00e1ria, mas no encontro alargado de solu\u00e7\u00f5es para problemas como a desertifica\u00e7\u00e3o, transportes, educa\u00e7\u00e3o ou os apoios a estas institui\u00e7\u00f5es&#8221; afirmou Fl\u00e1vio Soares \u00e0 entrada para a reuni\u00e3o na cidade da Horta.<\/p>\n<p>O l\u00edder da estrutura de juventude aproveitou a oportunidade para acompanhar o trabalho desenvolvido pela AJIFA, felicitando a &#8220;din\u00e2mica organiza\u00e7\u00e3o do C(H)orta&#8221;, o festival de curtas do Faial, promovido por esta associa\u00e7\u00e3o, e que se encontra a decorrer no Teatro Faialense. Esteve, ainda em\u00a0cima da mesa, a discuss\u00e3o da proposta da JSD\/A\u00e7ores para mudan\u00e7as na gest\u00e3o do Conselho Regional de Juventude.<\/p>\n<p>A visita de Fl\u00e1vio Soares foi acompanhada pelo respons\u00e1vel da estrutura local da JSD, Daniel Rafael, presidente da JSD\/Faial.<\/p>\n","protected":false},"excerpt":{"rendered":"<p>O Presidente da JSD\/A\u00e7ores, Fl\u00e1vio Soares, reuniu hoje com a AJIFA &#8211; Associa\u00e7\u00e3o de Jovens da Ilha do Faial, na sequ\u00eancia de uma s\u00e9rie de contactos<span class=\"excerpt-hellip\"> [\u2026]<\/span><\/p>\n","protected":false},"author":1,"featured_media":3661,"comment_status":"open","ping_status":"open","sticky":false,"template":"","format":"image","meta":{"spay_email":"","footnotes":"","jetpack_publicize_message":"","jetpack_is_tweetstorm":false,"jetpack_publicize_feature_enabled":true},"categories":[11,25],"tags":[],"class_list":["post-3660","post","type-post","status-publish","format-image","has-post-thumbnail","hentry","category-news","category-presidente","post_format-post-format-image"],"jetpack_featured_media_url":"https:\/\/i0.wp.com\/jsdacores.pt\/front\/wp-content\/uploads\/2017\/12\/26179588_2216171811742132_1906703979_o-e1514559522974.jpg?fit=1995%2C1325","jetpack_publicize_connections":[],"jetpack_sharing_enabled":true,"jetpack_shortlink":"https:\/\/wp.me\/p8wvZV-X2","_links":{"self":[{"href":"http:\/\/jsdacores.pt\/front\/wp-json\/wp\/v2\/posts\/3660","targetHints":{"allow":["GET"]}}],"collection":[{"href":"http:\/\/jsdacores.pt\/front\/wp-json\/wp\/v2\/posts"}],"about":[{"href":"http:\/\/jsdacores.pt\/front\/wp-json\/wp\/v2\/types\/post"}],"author":[{"embeddable":true,"href":"http:\/\/jsdacores.pt\/front\/wp-json\/wp\/v2\/users\/1"}],"replies":[{"embeddable":true,"href":"http:\/\/jsdacores.pt\/front\/wp-json\/wp\/v2\/comments?post=3660"}],"version-history":[{"count":2,"href":"http:\/\/jsdacores.pt\/front\/wp-json\/wp\/v2\/posts\/3660\/revisions"}],"predecessor-version":[{"id":3663,"href":"http:\/\/jsdacores.pt\/front\/wp-json\/wp\/v2\/posts\/3660\/revisions\/3663"}],"wp:featuredmedia":[{"embeddable":true,"href":"http:\/\/jsdacores.pt\/front\/wp-json\/wp\/v2\/media\/3661"}],"wp:attachment":[{"href":"http:\/\/jsdacores.pt\/front\/wp-json\/wp\/v2\/media?parent=3660"}],"wp:term":[{"taxonomy":"category","embeddable":true,"href":"http:\/\/jsdacores.pt\/front\/wp-json\/wp\/v2\/categories?post=3660"},{"taxonomy":"post_tag","embeddable":true,"href":"http:\/\/jsdacores.pt\/front\/wp-json\/wp\/v2\/tags?post=3660"}],"curies":[{"name":"wp","href":"https:\/\/api.w.org\/{rel}","templated":true}]}}