{"id":3668,"date":"2017-12-29T11:34:55","date_gmt":"2017-12-29T11:34:55","guid":{"rendered":"http:\/\/jsdacores.pt\/front\/?p=3668"},"modified":"2018-01-23T11:47:50","modified_gmt":"2018-01-23T11:47:50","slug":"flavio-soares-encontra-se-com-a-associacao-de-estudantes-da-escola-secundaria-manuel-de-arriaga","status":"publish","type":"post","link":"http:\/\/jsdacores.pt\/front\/news\/flavio-soares-encontra-se-com-a-associacao-de-estudantes-da-escola-secundaria-manuel-de-arriaga\/","title":{"rendered":"Fl\u00e1vio Soares encontra-se com a Associa\u00e7\u00e3o de Estudantes da Escola Secund\u00e1ria Manuel de Arriaga"},"content":{"rendered":"<h4>O Presidente da JSD\/A\u00e7ores, Fl\u00e1vio Soares, encontrou-se ontem com as respons\u00e1veis da Associa\u00e7\u00e3o de Estudantes da Escola Secund\u00e1ria Manuel de Arriaga, na cidade da Horta.<\/h4>\n<p>&#8220;Olhamos para as Associa\u00e7\u00f5es de Estudantes espalhadas pelos A\u00e7ores como um bem essencial \u00e0 promo\u00e7\u00e3o da participa\u00e7\u00e3o c\u00edvica, que devemos acarinhar. S\u00e3o nestes org\u00e3os estudantis que os jovens aprendem, pela primeira vez, o valor de voto, das elei\u00e7\u00f5es de representantes ou a import\u00e2ncia da democracia na sociedade em que vivemos&#8221; afirmou Fl\u00e1vio Soares.<\/p>\n<p>Numa conversa descontra\u00edda, o l\u00edder da estrutura de juventude social democrata ouviu as preocupa\u00e7\u00f5es dos jovens estudantes, seguindo o caminho de &#8220;proximidade com a juventude a\u00e7oriana&#8221; defendido na Mo\u00e7\u00e3o Global de Estrat\u00e9gia com que foi eleito, em Mar\u00e7o de 2017.<\/p>\n","protected":false},"excerpt":{"rendered":"<p>O Presidente da JSD\/A\u00e7ores, Fl\u00e1vio Soares, encontrou-se ontem com as respons\u00e1veis da Associa\u00e7\u00e3o de Estudantes da Escola Secund\u00e1ria Manuel de Arriaga, na cidade da Horta. &#8220;Olhamos<span class=\"excerpt-hellip\"> [\u2026]<\/span><\/p>\n","protected":false},"author":1,"featured_media":3669,"comment_status":"open","ping_status":"open","sticky":false,"template":"","format":"image","meta":{"spay_email":"","footnotes":"","jetpack_publicize_message":"","jetpack_is_tweetstorm":false,"jetpack_publicize_feature_enabled":true},"categories":[11,25],"tags":[],"class_list":["post-3668","post","type-post","status-publish","format-image","has-post-thumbnail","hentry","category-news","category-presidente","post_format-post-format-image"],"jetpack_featured_media_url":"https:\/\/i0.wp.com\/jsdacores.pt\/front\/wp-content\/uploads\/2017\/12\/26145236_2216468691712444_877424181_o.jpg?fit=1923%2C1307","jetpack_publicize_connections":[],"jetpack_sharing_enabled":true,"jetpack_shortlink":"https:\/\/wp.me\/p8wvZV-Xa","_links":{"self":[{"href":"http:\/\/jsdacores.pt\/front\/wp-json\/wp\/v2\/posts\/3668","targetHints":{"allow":["GET"]}}],"collection":[{"href":"http:\/\/jsdacores.pt\/front\/wp-json\/wp\/v2\/posts"}],"about":[{"href":"http:\/\/jsdacores.pt\/front\/wp-json\/wp\/v2\/types\/post"}],"author":[{"embeddable":true,"href":"http:\/\/jsdacores.pt\/front\/wp-json\/wp\/v2\/users\/1"}],"replies":[{"embeddable":true,"href":"http:\/\/jsdacores.pt\/front\/wp-json\/wp\/v2\/comments?post=3668"}],"version-history":[{"count":1,"href":"http:\/\/jsdacores.pt\/front\/wp-json\/wp\/v2\/posts\/3668\/revisions"}],"predecessor-version":[{"id":3670,"href":"http:\/\/jsdacores.pt\/front\/wp-json\/wp\/v2\/posts\/3668\/revisions\/3670"}],"wp:featuredmedia":[{"embeddable":true,"href":"http:\/\/jsdacores.pt\/front\/wp-json\/wp\/v2\/media\/3669"}],"wp:attachment":[{"href":"http:\/\/jsdacores.pt\/front\/wp-json\/wp\/v2\/media?parent=3668"}],"wp:term":[{"taxonomy":"category","embeddable":true,"href":"http:\/\/jsdacores.pt\/front\/wp-json\/wp\/v2\/categories?post=3668"},{"taxonomy":"post_tag","embeddable":true,"href":"http:\/\/jsdacores.pt\/front\/wp-json\/wp\/v2\/tags?post=3668"}],"curies":[{"name":"wp","href":"https:\/\/api.w.org\/{rel}","templated":true}]}}