{"id":3682,"date":"2018-01-12T18:50:28","date_gmt":"2018-01-12T18:50:28","guid":{"rendered":"http:\/\/jsdacores.pt\/front\/?p=3682"},"modified":"2018-01-23T11:46:36","modified_gmt":"2018-01-23T11:46:36","slug":"decorrem-amanha-as-eleicoes-para-lider-do-psd-e-delegados-ao-37o-congresso-nacional","status":"publish","type":"post","link":"http:\/\/jsdacores.pt\/front\/news\/decorrem-amanha-as-eleicoes-para-lider-do-psd-e-delegados-ao-37o-congresso-nacional\/","title":{"rendered":"Decorrem amanh\u00e3 as elei\u00e7\u00f5es para l\u00edder do PSD e delegados ao 37\u00ba Congresso Nacional"},"content":{"rendered":"<h4>Decorrer\u00e3o amanh\u00e3 as elei\u00e7\u00f5es para l\u00edder nacional do PSD e dos delegados ao 37\u00ba Congresso Nacional do partido que ter\u00e1 lugar entre os dias 16 e 18 de fevereiro, em Lisboa.\u00a0Os militantes do PSD ser\u00e3o chamados \u00e0s urnas para a elei\u00e7\u00e3o direta do pr\u00f3ximo l\u00edder do partido, com dois candidatos: Rui Rio e Pedro Santana Lopes.<\/h4>\n<p>Nos A\u00e7ores as assembleias de voto encontram-se abertas em todos os concelhos entre as 13:00 e as 19:00, de acordo com as <a href=\"http:\/\/www.congressopsd.com\/adm\/anexos\/eventos\/evento1513210566.pdf\">convocat\u00f3rias<\/a> publicadas no Povo Livre. Todos os militantes com a sua situa\u00e7\u00e3o regularizada (quotas anuais pagas) poder\u00e3o exercer o seu direito de voto em mais estas elei\u00e7\u00f5es diretas.<\/p>\n<p>A lista \u00fanica de delegados pelo c\u00edrculo dos A\u00e7ores \u00e9 encabe\u00e7ada pelo Presidente do PSD\/A\u00e7ores, Duarte Freitas.<\/p>\n","protected":false},"excerpt":{"rendered":"<p>Decorrer\u00e3o amanh\u00e3 as elei\u00e7\u00f5es para l\u00edder nacional do PSD e dos delegados ao 37\u00ba Congresso Nacional do partido que ter\u00e1 lugar entre os dias 16 e<span class=\"excerpt-hellip\"> [\u2026]<\/span><\/p>\n","protected":false},"author":1,"featured_media":3683,"comment_status":"open","ping_status":"open","sticky":false,"template":"","format":"image","meta":{"spay_email":"","footnotes":"","jetpack_publicize_message":"","jetpack_is_tweetstorm":false,"jetpack_publicize_feature_enabled":true},"categories":[11],"tags":[],"class_list":["post-3682","post","type-post","status-publish","format-image","has-post-thumbnail","hentry","category-news","post_format-post-format-image"],"jetpack_featured_media_url":"https:\/\/i0.wp.com\/jsdacores.pt\/front\/wp-content\/uploads\/2018\/01\/Bandeiras-PSD-e1515783148470.jpg?fit=1372%2C799","jetpack_publicize_connections":[],"jetpack_sharing_enabled":true,"jetpack_shortlink":"https:\/\/wp.me\/p8wvZV-Xo","_links":{"self":[{"href":"http:\/\/jsdacores.pt\/front\/wp-json\/wp\/v2\/posts\/3682","targetHints":{"allow":["GET"]}}],"collection":[{"href":"http:\/\/jsdacores.pt\/front\/wp-json\/wp\/v2\/posts"}],"about":[{"href":"http:\/\/jsdacores.pt\/front\/wp-json\/wp\/v2\/types\/post"}],"author":[{"embeddable":true,"href":"http:\/\/jsdacores.pt\/front\/wp-json\/wp\/v2\/users\/1"}],"replies":[{"embeddable":true,"href":"http:\/\/jsdacores.pt\/front\/wp-json\/wp\/v2\/comments?post=3682"}],"version-history":[{"count":4,"href":"http:\/\/jsdacores.pt\/front\/wp-json\/wp\/v2\/posts\/3682\/revisions"}],"predecessor-version":[{"id":3687,"href":"http:\/\/jsdacores.pt\/front\/wp-json\/wp\/v2\/posts\/3682\/revisions\/3687"}],"wp:featuredmedia":[{"embeddable":true,"href":"http:\/\/jsdacores.pt\/front\/wp-json\/wp\/v2\/media\/3683"}],"wp:attachment":[{"href":"http:\/\/jsdacores.pt\/front\/wp-json\/wp\/v2\/media?parent=3682"}],"wp:term":[{"taxonomy":"category","embeddable":true,"href":"http:\/\/jsdacores.pt\/front\/wp-json\/wp\/v2\/categories?post=3682"},{"taxonomy":"post_tag","embeddable":true,"href":"http:\/\/jsdacores.pt\/front\/wp-json\/wp\/v2\/tags?post=3682"}],"curies":[{"name":"wp","href":"https:\/\/api.w.org\/{rel}","templated":true}]}}