{"id":3699,"date":"2018-01-14T13:33:27","date_gmt":"2018-01-14T13:33:27","guid":{"rendered":"http:\/\/jsdacores.pt\/front\/?p=3699"},"modified":"2018-01-23T12:35:14","modified_gmt":"2018-01-23T12:35:14","slug":"flavio-soares-felicita-rui-rio-pela-eleicao-para-lider-do-psd","status":"publish","type":"post","link":"http:\/\/jsdacores.pt\/front\/news\/flavio-soares-felicita-rui-rio-pela-eleicao-para-lider-do-psd\/","title":{"rendered":"Fl\u00e1vio Soares felicita Rui Rio pela elei\u00e7\u00e3o para l\u00edder do PSD"},"content":{"rendered":"<h4>O Presidente da JSD\/A\u00e7ores, Fl\u00e1vio Soares, felicitou hoje o novo presidente do PSD, Rui Rio, depois do candidato ter sa\u00eddo vencedor das elei\u00e7\u00f5es diretas realizadas ontem por todo o pa\u00eds.<\/h4>\n<p>O l\u00edder da JSD\/A\u00e7ores afirmou que &#8220;esperando a abertura de num novo ciclo pol\u00edtico no PSD, que n\u00e3o se constr\u00f3i do dia para a noite, ser\u00e1 poss\u00edvel, agora com Rui Rio, apresentar aos Portugueses uma solu\u00e7\u00e3o governativa que n\u00e3o seja apenas a subservi\u00eancia do poder aos interesses de alguns&#8221;.<\/p>\n<p>&#8220;Felicitando o novo presidente e deixando o devido reconhecimento ao candidato vencido, Pedro Santana Lopes, saliento tamb\u00e9m a import\u00e2ncia do l\u00edder que sai no pr\u00f3ximo m\u00eas, Pedro Passos Coelho, que liderou o pa\u00eds num dos piores momentos da nossa hist\u00f3ria coletiva p\u00f3s-25 de Abril e que, como ningu\u00e9m, soube colocar os interesses de Portugal acima de tudo&#8221; disse Fl\u00e1vio Soares.<\/p>\n<p>Rui Rio ganhou as elei\u00e7\u00f5es diretas para l\u00edder do PSD com cerca de 54% dos votos<\/p>\n","protected":false},"excerpt":{"rendered":"<p>O Presidente da JSD\/A\u00e7ores, Fl\u00e1vio Soares, felicitou hoje o novo presidente do PSD, Rui Rio, depois do candidato ter sa\u00eddo vencedor das elei\u00e7\u00f5es diretas realizadas ontem<span class=\"excerpt-hellip\"> [\u2026]<\/span><\/p>\n","protected":false},"author":1,"featured_media":3700,"comment_status":"open","ping_status":"open","sticky":false,"template":"","format":"image","meta":{"spay_email":"","footnotes":"","jetpack_publicize_message":"","jetpack_is_tweetstorm":false,"jetpack_publicize_feature_enabled":true},"categories":[11,25],"tags":[],"class_list":["post-3699","post","type-post","status-publish","format-image","has-post-thumbnail","hentry","category-news","category-presidente","post_format-post-format-image"],"jetpack_featured_media_url":"https:\/\/i0.wp.com\/jsdacores.pt\/front\/wp-content\/uploads\/2018\/01\/doc-20180113-23525017-06436883-e1516539209562.jpg?fit=1201%2C800","jetpack_publicize_connections":[],"jetpack_sharing_enabled":true,"jetpack_shortlink":"https:\/\/wp.me\/p8wvZV-XF","_links":{"self":[{"href":"http:\/\/jsdacores.pt\/front\/wp-json\/wp\/v2\/posts\/3699","targetHints":{"allow":["GET"]}}],"collection":[{"href":"http:\/\/jsdacores.pt\/front\/wp-json\/wp\/v2\/posts"}],"about":[{"href":"http:\/\/jsdacores.pt\/front\/wp-json\/wp\/v2\/types\/post"}],"author":[{"embeddable":true,"href":"http:\/\/jsdacores.pt\/front\/wp-json\/wp\/v2\/users\/1"}],"replies":[{"embeddable":true,"href":"http:\/\/jsdacores.pt\/front\/wp-json\/wp\/v2\/comments?post=3699"}],"version-history":[{"count":6,"href":"http:\/\/jsdacores.pt\/front\/wp-json\/wp\/v2\/posts\/3699\/revisions"}],"predecessor-version":[{"id":3722,"href":"http:\/\/jsdacores.pt\/front\/wp-json\/wp\/v2\/posts\/3699\/revisions\/3722"}],"wp:featuredmedia":[{"embeddable":true,"href":"http:\/\/jsdacores.pt\/front\/wp-json\/wp\/v2\/media\/3700"}],"wp:attachment":[{"href":"http:\/\/jsdacores.pt\/front\/wp-json\/wp\/v2\/media?parent=3699"}],"wp:term":[{"taxonomy":"category","embeddable":true,"href":"http:\/\/jsdacores.pt\/front\/wp-json\/wp\/v2\/categories?post=3699"},{"taxonomy":"post_tag","embeddable":true,"href":"http:\/\/jsdacores.pt\/front\/wp-json\/wp\/v2\/tags?post=3699"}],"curies":[{"name":"wp","href":"https:\/\/api.w.org\/{rel}","templated":true}]}}