{"id":3742,"date":"2018-02-12T09:30:33","date_gmt":"2018-02-12T09:30:33","guid":{"rendered":"http:\/\/jsdacores.pt\/front\/?p=3742"},"modified":"2018-02-12T10:50:23","modified_gmt":"2018-02-12T10:50:23","slug":"flavio-soares-luis-pereira-e-andre-soares-participam-no-congresso-nacional-do-psd","status":"publish","type":"post","link":"http:\/\/jsdacores.pt\/front\/news\/flavio-soares-luis-pereira-e-andre-soares-participam-no-congresso-nacional-do-psd\/","title":{"rendered":"Fl\u00e1vio Soares e Lu\u00eds Pereira participam no Congresso Nacional do PSD"},"content":{"rendered":"<h4>Os dirigentes regionais da JSD\/A\u00e7ores, Fl\u00e1vio Soares, o seu Presidente, e o Vice-Presidente Coordenador Lu\u00eds Pereira participam no 37\u00ba Congresso Nacional do PSD que decorre em Lisboa a partir da pr\u00f3xima sexta-feira.<\/h4>\n<p>Fl\u00e1vio Soares e Lu\u00eds Pereira. nomeados delegados pela JSD, integram a comitiva de 70 delegados da estrutura que participa na reuni\u00e3o magna do partido.<\/p>\n<p>&#8220;Acreditamos que ser\u00e1 poss\u00edvel um fortalecimento do posicionamento pol\u00edtico do PSD neste congresso, ao lado de quem n\u00e3o se rev\u00ea no modelo de governo atual em Portugal. Ser\u00e1 poss\u00edvel, como tem sido at\u00e9 aqui, mostrar que o PSD \u00e9 o partido melhor preparado para liderar os destinos de um pa\u00eds que, ao longo da sua hist\u00f3ria, j\u00e1 ajudou a salvar por diversas vezes, sacrificando-se a si pr\u00f3prio e aos seus l\u00edderes&#8221; afirmou Fl\u00e1vio Soares na prepara\u00e7\u00e3o desta participa\u00e7\u00e3o.<\/p>\n<p>Fl\u00e1vio Soares, de Nordeste, e Lu\u00eds Pereira de Santa Cruz da Graciosa representaram a estrutura jovem A\u00e7oriana neste congresso onde, depois das elei\u00e7\u00f5es diretas para l\u00edder do partido, tomar\u00e1 posse Rui Rio \u00e0 frente dos destinos do PSD.<\/p>\n","protected":false},"excerpt":{"rendered":"<p>Os dirigentes regionais da JSD\/A\u00e7ores, Fl\u00e1vio Soares, o seu Presidente, e o Vice-Presidente Coordenador Lu\u00eds Pereira participam no 37\u00ba Congresso Nacional do PSD que decorre em<span class=\"excerpt-hellip\"> [\u2026]<\/span><\/p>\n","protected":false},"author":1,"featured_media":2917,"comment_status":"open","ping_status":"open","sticky":false,"template":"","format":"image","meta":{"spay_email":"","footnotes":"","jetpack_publicize_message":"","jetpack_is_tweetstorm":false,"jetpack_publicize_feature_enabled":true},"categories":[11],"tags":[],"class_list":["post-3742","post","type-post","status-publish","format-image","has-post-thumbnail","hentry","category-news","post_format-post-format-image"],"jetpack_featured_media_url":"https:\/\/i0.wp.com\/jsdacores.pt\/front\/wp-content\/uploads\/2017\/06\/IMG_7895.jpg?fit=5184%2C3456","jetpack_publicize_connections":[],"jetpack_sharing_enabled":true,"jetpack_shortlink":"https:\/\/wp.me\/p8wvZV-Ym","_links":{"self":[{"href":"http:\/\/jsdacores.pt\/front\/wp-json\/wp\/v2\/posts\/3742","targetHints":{"allow":["GET"]}}],"collection":[{"href":"http:\/\/jsdacores.pt\/front\/wp-json\/wp\/v2\/posts"}],"about":[{"href":"http:\/\/jsdacores.pt\/front\/wp-json\/wp\/v2\/types\/post"}],"author":[{"embeddable":true,"href":"http:\/\/jsdacores.pt\/front\/wp-json\/wp\/v2\/users\/1"}],"replies":[{"embeddable":true,"href":"http:\/\/jsdacores.pt\/front\/wp-json\/wp\/v2\/comments?post=3742"}],"version-history":[{"count":5,"href":"http:\/\/jsdacores.pt\/front\/wp-json\/wp\/v2\/posts\/3742\/revisions"}],"predecessor-version":[{"id":3769,"href":"http:\/\/jsdacores.pt\/front\/wp-json\/wp\/v2\/posts\/3742\/revisions\/3769"}],"wp:featuredmedia":[{"embeddable":true,"href":"http:\/\/jsdacores.pt\/front\/wp-json\/wp\/v2\/media\/2917"}],"wp:attachment":[{"href":"http:\/\/jsdacores.pt\/front\/wp-json\/wp\/v2\/media?parent=3742"}],"wp:term":[{"taxonomy":"category","embeddable":true,"href":"http:\/\/jsdacores.pt\/front\/wp-json\/wp\/v2\/categories?post=3742"},{"taxonomy":"post_tag","embeddable":true,"href":"http:\/\/jsdacores.pt\/front\/wp-json\/wp\/v2\/tags?post=3742"}],"curies":[{"name":"wp","href":"https:\/\/api.w.org\/{rel}","templated":true}]}}