{"id":3752,"date":"2018-02-05T10:15:09","date_gmt":"2018-02-05T10:15:09","guid":{"rendered":"http:\/\/jsdacores.pt\/front\/?p=3752"},"modified":"2018-02-05T15:02:42","modified_gmt":"2018-02-05T15:02:42","slug":"jsd-acores-participou-no-conselho-nacional-na-cidade-de-castelo-branco","status":"publish","type":"post","link":"http:\/\/jsdacores.pt\/front\/news\/jsd-acores-participou-no-conselho-nacional-na-cidade-de-castelo-branco\/","title":{"rendered":"JSD\/A\u00e7ores participou no Conselho Nacional na cidade de Castelo Branco"},"content":{"rendered":"<h4>O presidente da JSD\/A\u00e7ores, Fl\u00e1vio Soares, e o conselheiro nacional, Lu\u00eds Pereira, participaram ontem na reuni\u00e3o ordin\u00e1ria do \u00f3rg\u00e3o m\u00e1ximo entre congressos, o Conselho Nacional da estrutura, na cidade de Castelo Branco.<\/h4>\n<p>Numa reuni\u00e3o bastante concorrida, foi aprovado o or\u00e7amento da estrutura para 2018, bem como agendado o XXV Congresso Nacional da JSD que decorrer\u00e1 entre os dias 13 e 15 de Abril, no distrito do Porto.<\/p>\n<p>Foram apresentadas, j\u00e1 nesta reuni\u00e3o, duas candidaturas \u00e0 lideran\u00e7a Nacional da JSD: a companheira Margarida Balseiro Lopes, atual Secret\u00e1ria Geral Nacional e deputada, e o companheiro Andr\u00e9 Neves, vice-presidente da CPN e presidente da distrital de Aveiro.<\/p>\n","protected":false},"excerpt":{"rendered":"<p>O presidente da JSD\/A\u00e7ores, Fl\u00e1vio Soares, e o conselheiro nacional, Lu\u00eds Pereira, participaram ontem na reuni\u00e3o ordin\u00e1ria do \u00f3rg\u00e3o m\u00e1ximo entre congressos, o Conselho Nacional da<span class=\"excerpt-hellip\"> [\u2026]<\/span><\/p>\n","protected":false},"author":1,"featured_media":3753,"comment_status":"open","ping_status":"open","sticky":false,"template":"","format":"image","meta":{"spay_email":"","footnotes":"","jetpack_publicize_message":"","jetpack_is_tweetstorm":false,"jetpack_publicize_feature_enabled":true},"categories":[11,25],"tags":[],"class_list":["post-3752","post","type-post","status-publish","format-image","has-post-thumbnail","hentry","category-news","category-presidente","post_format-post-format-image"],"jetpack_featured_media_url":"https:\/\/i0.wp.com\/jsdacores.pt\/front\/wp-content\/uploads\/2018\/02\/1231FE07-3B5A-41A1-BF7A-F9D734D7CD53-e1517936116590.jpeg?fit=960%2C720","jetpack_publicize_connections":[],"jetpack_sharing_enabled":true,"jetpack_shortlink":"https:\/\/wp.me\/p8wvZV-Yw","_links":{"self":[{"href":"http:\/\/jsdacores.pt\/front\/wp-json\/wp\/v2\/posts\/3752","targetHints":{"allow":["GET"]}}],"collection":[{"href":"http:\/\/jsdacores.pt\/front\/wp-json\/wp\/v2\/posts"}],"about":[{"href":"http:\/\/jsdacores.pt\/front\/wp-json\/wp\/v2\/types\/post"}],"author":[{"embeddable":true,"href":"http:\/\/jsdacores.pt\/front\/wp-json\/wp\/v2\/users\/1"}],"replies":[{"embeddable":true,"href":"http:\/\/jsdacores.pt\/front\/wp-json\/wp\/v2\/comments?post=3752"}],"version-history":[{"count":5,"href":"http:\/\/jsdacores.pt\/front\/wp-json\/wp\/v2\/posts\/3752\/revisions"}],"predecessor-version":[{"id":3758,"href":"http:\/\/jsdacores.pt\/front\/wp-json\/wp\/v2\/posts\/3752\/revisions\/3758"}],"wp:featuredmedia":[{"embeddable":true,"href":"http:\/\/jsdacores.pt\/front\/wp-json\/wp\/v2\/media\/3753"}],"wp:attachment":[{"href":"http:\/\/jsdacores.pt\/front\/wp-json\/wp\/v2\/media?parent=3752"}],"wp:term":[{"taxonomy":"category","embeddable":true,"href":"http:\/\/jsdacores.pt\/front\/wp-json\/wp\/v2\/categories?post=3752"},{"taxonomy":"post_tag","embeddable":true,"href":"http:\/\/jsdacores.pt\/front\/wp-json\/wp\/v2\/tags?post=3752"}],"curies":[{"name":"wp","href":"https:\/\/api.w.org\/{rel}","templated":true}]}}