{"id":3759,"date":"2018-02-06T11:25:50","date_gmt":"2018-02-06T11:25:50","guid":{"rendered":"http:\/\/jsdacores.pt\/front\/?p=3759"},"modified":"2018-02-06T11:25:50","modified_gmt":"2018-02-06T11:25:50","slug":"jsd-madalena-promove-nova-edicao-da-batalha-de-agua-na-epoca-carnavalesca","status":"publish","type":"post","link":"http:\/\/jsdacores.pt\/front\/news\/jsd-madalena-promove-nova-edicao-da-batalha-de-agua-na-epoca-carnavalesca\/","title":{"rendered":"JSD\/Madalena promove nova edi\u00e7\u00e3o da Batalha de \u00c1gua na \u00e9poca carnavalesca"},"content":{"rendered":"<h4>A estrutura concelhia da Madalena do Pico da JSD\/A\u00e7ores promove no pr\u00f3ximo dia 10 de Fevereiro, no Porto de S\u00e3o Caetano, nova edi\u00e7\u00e3o da Batalha de \u00c1gua, uma tradi\u00e7\u00e3o presente em diversas ilhas A\u00e7orianas.<\/h4>\n<p>Nesta iniciativa associada \u00e0 passagem da \u00e9poca carnavalesca, a JSD\/Madalena junta-se a partir das 15:00 numa iniciativa aberta a todos.<\/p>\n<p>&#8220;Nunca \u00e9 demais lembrar que o intuito desta atividade \u00e9 proporcionar um momento de divers\u00e3o e conv\u00edvio por isso que se pede a todos os participantes um clima de festa sempre com considera\u00e7\u00e3o por todas as pessoas que se juntam a esta brincadeira carnavalesca&#8221; afirmou o presidente da JSD\/Madalena e Vice-Presidente da JSD\/A\u00e7ores, Andr\u00e9 Soares.<\/p>\n","protected":false},"excerpt":{"rendered":"<p>A estrutura concelhia da Madalena do Pico da JSD\/A\u00e7ores promove no pr\u00f3ximo dia 10 de Fevereiro, no Porto de S\u00e3o Caetano, nova edi\u00e7\u00e3o da Batalha de<span class=\"excerpt-hellip\"> [\u2026]<\/span><\/p>\n","protected":false},"author":1,"featured_media":3760,"comment_status":"open","ping_status":"open","sticky":false,"template":"","format":"image","meta":{"spay_email":"","footnotes":"","jetpack_publicize_message":"","jetpack_is_tweetstorm":false,"jetpack_publicize_feature_enabled":true},"categories":[11,24],"tags":[],"class_list":["post-3759","post","type-post","status-publish","format-image","has-post-thumbnail","hentry","category-news","category-jotalocal","post_format-post-format-image"],"jetpack_featured_media_url":"https:\/\/i0.wp.com\/jsdacores.pt\/front\/wp-content\/uploads\/2018\/02\/12711066_1549010675411801_5936931161440758702_o.jpg?fit=1504%2C1000","jetpack_publicize_connections":[],"jetpack_sharing_enabled":true,"jetpack_shortlink":"https:\/\/wp.me\/p8wvZV-YD","_links":{"self":[{"href":"http:\/\/jsdacores.pt\/front\/wp-json\/wp\/v2\/posts\/3759","targetHints":{"allow":["GET"]}}],"collection":[{"href":"http:\/\/jsdacores.pt\/front\/wp-json\/wp\/v2\/posts"}],"about":[{"href":"http:\/\/jsdacores.pt\/front\/wp-json\/wp\/v2\/types\/post"}],"author":[{"embeddable":true,"href":"http:\/\/jsdacores.pt\/front\/wp-json\/wp\/v2\/users\/1"}],"replies":[{"embeddable":true,"href":"http:\/\/jsdacores.pt\/front\/wp-json\/wp\/v2\/comments?post=3759"}],"version-history":[{"count":1,"href":"http:\/\/jsdacores.pt\/front\/wp-json\/wp\/v2\/posts\/3759\/revisions"}],"predecessor-version":[{"id":3761,"href":"http:\/\/jsdacores.pt\/front\/wp-json\/wp\/v2\/posts\/3759\/revisions\/3761"}],"wp:featuredmedia":[{"embeddable":true,"href":"http:\/\/jsdacores.pt\/front\/wp-json\/wp\/v2\/media\/3760"}],"wp:attachment":[{"href":"http:\/\/jsdacores.pt\/front\/wp-json\/wp\/v2\/media?parent=3759"}],"wp:term":[{"taxonomy":"category","embeddable":true,"href":"http:\/\/jsdacores.pt\/front\/wp-json\/wp\/v2\/categories?post=3759"},{"taxonomy":"post_tag","embeddable":true,"href":"http:\/\/jsdacores.pt\/front\/wp-json\/wp\/v2\/tags?post=3759"}],"curies":[{"name":"wp","href":"https:\/\/api.w.org\/{rel}","templated":true}]}}