{"id":3903,"date":"2018-03-20T11:07:51","date_gmt":"2018-03-20T11:07:51","guid":{"rendered":"http:\/\/jsdacores.pt\/front\/?p=3903"},"modified":"2018-03-20T11:23:17","modified_gmt":"2018-03-20T11:23:17","slug":"algumas-consideracoes-sobre-juventude-andre-soares","status":"publish","type":"post","link":"http:\/\/jsdacores.pt\/front\/opiniao\/algumas-consideracoes-sobre-juventude-andre-soares\/","title":{"rendered":"Algumas considera\u00e7\u00f5es sobre Juventude &#8211; Andr\u00e9 Soares"},"content":{"rendered":"<p>V\u00e3o-me desculpar por come\u00e7ar assim esta minha primeira contribui\u00e7\u00e3o para a Energia Laranja, mas \u00e9 bom que quem n\u00e3o me conhece, saiba duas coisas fundamentais sobre mim: a primeira, \u00e9 que n\u00e3o me considero a pessoa mais capaz na escrita de um artigo de opini\u00e3o, comparado com outros; a segunda \u00e9 a de que sou social-democrata e tenho muito orgulho nisso. A Social-democracia \u00e9, na minha opini\u00e3o, a ideologia pol\u00edtica mais equilibrada e adequada para a governa\u00e7\u00e3o.<\/p>\n<p>N\u00e3o tem de haver qualquer preconceito em rela\u00e7\u00e3o \u00e0s juventudes partid\u00e1rias, nada do que possamos ser acusados \u00e9 novidade. No entanto, posso afirmar, que muito pouco daquilo que se diz, \u00e9 verdade.<\/p>\n<p>Quem entra numa juventude partid\u00e1ria, \u00e0 espera que o seu futuro se resolva, pode esperar sentado. Se o l\u00edder for forte, nunca deixar\u00e1 que as pessoas tenham esta mentalidade, e, por conseguinte, qualquer esp\u00e9cie de progress\u00e3o, s\u00f3 pelo mero facto de se\u00a0 pertencer \u00e0 juventude partid\u00e1ria, \u00e9 mera utopia.<\/p>\n<p>\u00c9 preciso muito trabalho e dedica\u00e7\u00e3o para se atingir\u00a0 objetivos, \u00e9 assim que deve ser visto, e s\u00e3o estes os princ\u00edpios que n\u00f3s, na Juventude Social Democrata,\u00a0 tentamos promover.<\/p>\n<p>N\u00f3s existimos para ajudar a juventude a ser ativa. A juventude \u00e9 o futuro, e isto n\u00e3o \u00e9 um clich\u00ea, \u00e9 a mais pura realidade.<\/p>\n<h4>Se formos uma juventude sem iniciativa, vamos ter um futuro que n\u00e3o ser\u00e1 decidido por n\u00f3s. Se n\u00e3o formos determinados e persistentes, as nossas vozes n\u00e3o ser\u00e3o ouvidas. Se n\u00e3o formos reivindicativos, n\u00e3o veremos concretizados os nossos objectivos.<\/h4>\n<p>Todos os conv\u00edvios de juventude podem ser bons, divertidos e importantes. Falar de pol\u00edtica \u00e9 importante. O excelente \u00e9: poder conciliar as\u00a0 duas coisas.<\/p>\n<p>Temos de saber os nossos direitos; temos de aprender os nossos deveres;\u00a0 e nunca, nunca, podemos achar que a pol\u00edtica \u00e9 algo que n\u00e3o interessa. Cabe-nos a n\u00f3s desconstruir falsas ideias que tanto descredibilizam esta atividade, porque s\u00f3 sendo bons cidad\u00e3o, bem informados e interventivos, \u00e9 que vamos continuar a ser livres.<\/p>\n<p>N\u00e3o tomem a liberdade como um dado adquirido, porque\u00a0 n\u00e3o o \u00e9.<\/p>\n<h4>H\u00e1 pouco mais de 40 anos, muito daquilo que hoje consideramos direitos fundamentais e indiscut\u00edveis, era imposs\u00edvel. E o que n\u00e3o nos faltam s\u00e3o exemplos, pelo mundo fora, em que as pessoas anseiam \u00a0desesperadamente, por coisas t\u00e3o simples aos nossos olhos, que desvalorizamos.<\/h4>\n<p>Mas n\u00e3o foi sempre assim, algu\u00e9m teve que conquistar\u00a0 para n\u00f3s, esta liberdade que tanto apreciamos e que temos a obriga\u00e7\u00e3o de manter!<\/p>\n<p>Dito isto, conv\u00e9m dizer que \u00e9 poss\u00edvel sempre fazer melhor. Temos de ser ambiciosos e temos de marcar a nossa\u00a0 posi\u00e7\u00e3o. A JSD vai dos 14 aos 30 anos de idade. A quem est\u00e1, que queira ser sempre mais. A quem n\u00e3o est\u00e1, que venha\u00a0 e que contribua para que possamos ser maiores e melhores, pela nossa terra, pelos A\u00e7ores e por n\u00f3s.<\/p>\n<p>N\u00f3s merecemos muito mais!<\/p>\n<p><em>Andr\u00e9 Soares \u00e9 Vice-Presidente da JSD\/A\u00e7ores desde 2017<\/em><\/p>\n","protected":false},"excerpt":{"rendered":"<p>V\u00e3o-me desculpar por come\u00e7ar assim esta minha primeira contribui\u00e7\u00e3o para a Energia Laranja, mas \u00e9 bom que quem n\u00e3o me conhece, saiba duas coisas fundamentais sobre<span class=\"excerpt-hellip\"> [\u2026]<\/span><\/p>\n","protected":false},"author":1,"featured_media":3904,"comment_status":"open","ping_status":"open","sticky":false,"template":"","format":"image","meta":{"spay_email":"","footnotes":"","jetpack_publicize_message":"","jetpack_is_tweetstorm":false,"jetpack_publicize_feature_enabled":true},"categories":[16],"tags":[],"class_list":["post-3903","post","type-post","status-publish","format-image","has-post-thumbnail","hentry","category-opiniao","post_format-post-format-image"],"jetpack_featured_media_url":"https:\/\/i0.wp.com\/jsdacores.pt\/front\/wp-content\/uploads\/2018\/03\/Andr\u00e9-Soares.png?fit=2222%2C800","jetpack_publicize_connections":[],"jetpack_sharing_enabled":true,"jetpack_shortlink":"https:\/\/wp.me\/p8wvZV-10X","_links":{"self":[{"href":"http:\/\/jsdacores.pt\/front\/wp-json\/wp\/v2\/posts\/3903","targetHints":{"allow":["GET"]}}],"collection":[{"href":"http:\/\/jsdacores.pt\/front\/wp-json\/wp\/v2\/posts"}],"about":[{"href":"http:\/\/jsdacores.pt\/front\/wp-json\/wp\/v2\/types\/post"}],"author":[{"embeddable":true,"href":"http:\/\/jsdacores.pt\/front\/wp-json\/wp\/v2\/users\/1"}],"replies":[{"embeddable":true,"href":"http:\/\/jsdacores.pt\/front\/wp-json\/wp\/v2\/comments?post=3903"}],"version-history":[{"count":3,"href":"http:\/\/jsdacores.pt\/front\/wp-json\/wp\/v2\/posts\/3903\/revisions"}],"predecessor-version":[{"id":3908,"href":"http:\/\/jsdacores.pt\/front\/wp-json\/wp\/v2\/posts\/3903\/revisions\/3908"}],"wp:featuredmedia":[{"embeddable":true,"href":"http:\/\/jsdacores.pt\/front\/wp-json\/wp\/v2\/media\/3904"}],"wp:attachment":[{"href":"http:\/\/jsdacores.pt\/front\/wp-json\/wp\/v2\/media?parent=3903"}],"wp:term":[{"taxonomy":"category","embeddable":true,"href":"http:\/\/jsdacores.pt\/front\/wp-json\/wp\/v2\/categories?post=3903"},{"taxonomy":"post_tag","embeddable":true,"href":"http:\/\/jsdacores.pt\/front\/wp-json\/wp\/v2\/tags?post=3903"}],"curies":[{"name":"wp","href":"https:\/\/api.w.org\/{rel}","templated":true}]}}