{"id":3909,"date":"2018-03-20T11:57:43","date_gmt":"2018-03-20T11:57:43","guid":{"rendered":"http:\/\/jsdacores.pt\/front\/?p=3909"},"modified":"2018-03-20T16:30:15","modified_gmt":"2018-03-20T16:30:15","slug":"jsd-acores-recebeu-margarida-balseiro-lopes-em-ponta-delgada","status":"publish","type":"post","link":"http:\/\/jsdacores.pt\/front\/news\/jsd-acores-recebeu-margarida-balseiro-lopes-em-ponta-delgada\/","title":{"rendered":"JSD\/A\u00e7ores recebeu Margarida Balseiro Lopes em Ponta Delgada"},"content":{"rendered":"<h4>A JSD\/A\u00e7ores recebeu neste domingo a visita da candidata a l\u00edder nacional da JSD, Margarida Balseiro Lopes, para a apresenta\u00e7\u00e3o regional do seu projeto.<\/h4>\n<p>Numa sess\u00e3o que decorreu ao final da tarde de domingo, na sede regional da JSD\/A\u00e7ores, Margarida Balseiro Lopes apresentou os princ\u00edpios da candidatura que encabe\u00e7a, &#8220;Conquistar Portugal&#8221; com o presidente da JSD\/A\u00e7ores, Fl\u00e1vio Soares, sentado ao seu lado.<\/p>\n<p>A mandat\u00e1ria regional da candidatura \u00e9 a vereadora da JSD na C\u00e2mara Municipal de Vila do Porto e Presidente da JSD\/Santa Maria, Leonor Batista, que se juntou \u00e0 apresenta\u00e7\u00e3o atrav\u00e9s de uma interven\u00e7\u00e3o gravada a partir da ilha do sol.<\/p>\n","protected":false},"excerpt":{"rendered":"<p>A JSD\/A\u00e7ores recebeu neste domingo a visita da candidata a l\u00edder nacional da JSD, Margarida Balseiro Lopes, para a apresenta\u00e7\u00e3o regional do seu projeto. Numa sess\u00e3o<span class=\"excerpt-hellip\"> [\u2026]<\/span><\/p>\n","protected":false},"author":1,"featured_media":3918,"comment_status":"open","ping_status":"open","sticky":false,"template":"","format":"image","meta":{"spay_email":"","footnotes":"","jetpack_publicize_message":"","jetpack_is_tweetstorm":false,"jetpack_publicize_feature_enabled":true},"categories":[11,25],"tags":[],"class_list":["post-3909","post","type-post","status-publish","format-image","has-post-thumbnail","hentry","category-news","category-presidente","post_format-post-format-image"],"jetpack_featured_media_url":"https:\/\/i0.wp.com\/jsdacores.pt\/front\/wp-content\/uploads\/2018\/03\/IMG_0464.jpg?fit=5184%2C3456","jetpack_publicize_connections":[],"jetpack_sharing_enabled":true,"jetpack_shortlink":"https:\/\/wp.me\/p8wvZV-113","_links":{"self":[{"href":"http:\/\/jsdacores.pt\/front\/wp-json\/wp\/v2\/posts\/3909","targetHints":{"allow":["GET"]}}],"collection":[{"href":"http:\/\/jsdacores.pt\/front\/wp-json\/wp\/v2\/posts"}],"about":[{"href":"http:\/\/jsdacores.pt\/front\/wp-json\/wp\/v2\/types\/post"}],"author":[{"embeddable":true,"href":"http:\/\/jsdacores.pt\/front\/wp-json\/wp\/v2\/users\/1"}],"replies":[{"embeddable":true,"href":"http:\/\/jsdacores.pt\/front\/wp-json\/wp\/v2\/comments?post=3909"}],"version-history":[{"count":1,"href":"http:\/\/jsdacores.pt\/front\/wp-json\/wp\/v2\/posts\/3909\/revisions"}],"predecessor-version":[{"id":3911,"href":"http:\/\/jsdacores.pt\/front\/wp-json\/wp\/v2\/posts\/3909\/revisions\/3911"}],"wp:featuredmedia":[{"embeddable":true,"href":"http:\/\/jsdacores.pt\/front\/wp-json\/wp\/v2\/media\/3918"}],"wp:attachment":[{"href":"http:\/\/jsdacores.pt\/front\/wp-json\/wp\/v2\/media?parent=3909"}],"wp:term":[{"taxonomy":"category","embeddable":true,"href":"http:\/\/jsdacores.pt\/front\/wp-json\/wp\/v2\/categories?post=3909"},{"taxonomy":"post_tag","embeddable":true,"href":"http:\/\/jsdacores.pt\/front\/wp-json\/wp\/v2\/tags?post=3909"}],"curies":[{"name":"wp","href":"https:\/\/api.w.org\/{rel}","templated":true}]}}