{"id":3946,"date":"2018-03-23T11:56:04","date_gmt":"2018-03-23T11:56:04","guid":{"rendered":"http:\/\/jsdacores.pt\/front\/?p=3946"},"modified":"2018-03-23T13:18:55","modified_gmt":"2018-03-23T13:18:55","slug":"jsd-acores-recebe-andre-neves-para-apresentacao-da-sua-candidatura","status":"publish","type":"post","link":"http:\/\/jsdacores.pt\/front\/news\/jsd-acores-recebe-andre-neves-para-apresentacao-da-sua-candidatura\/","title":{"rendered":"JSD\/A\u00e7ores recebe Andr\u00e9 Neves para apresenta\u00e7\u00e3o da sua candidatura"},"content":{"rendered":"<h4>A JSD\/A\u00e7ores recebeu, na sede regional, Andr\u00e9 Neves, candidato a l\u00edder nacional da JSD, para a apresenta\u00e7\u00e3o da sua candidatura.<\/h4>\n<p>Numa sess\u00e3o que decorreu ao final do dia de ontem na cidade de Ponta Delgada, o companheiro que lidera a candidatura &#8220;\u00c9 tempo da JSD&#8221; \u00e9 actualmente vice-presidente da CPN e Presidente da Distrital de Aveiro, tendo apresentado o seu protejo para a estrutura nacional da JSD.<\/p>\n<p>O Congresso Nacional da JSD decorre entre os pr\u00f3ximos dias 13 e 15 de Abril na cidade de P\u00f3voa do Varzim.<\/p>\n","protected":false},"excerpt":{"rendered":"<p>A JSD\/A\u00e7ores recebeu, na sede regional, Andr\u00e9 Neves, candidato a l\u00edder nacional da JSD, para a apresenta\u00e7\u00e3o da sua candidatura. Numa sess\u00e3o que decorreu ao final<span class=\"excerpt-hellip\"> [\u2026]<\/span><\/p>\n","protected":false},"author":1,"featured_media":3953,"comment_status":"open","ping_status":"open","sticky":false,"template":"","format":"image","meta":{"spay_email":"","footnotes":"","jetpack_publicize_message":"","jetpack_is_tweetstorm":false,"jetpack_publicize_feature_enabled":true},"categories":[11,25],"tags":[],"class_list":["post-3946","post","type-post","status-publish","format-image","has-post-thumbnail","hentry","category-news","category-presidente","post_format-post-format-image"],"jetpack_featured_media_url":"https:\/\/i0.wp.com\/jsdacores.pt\/front\/wp-content\/uploads\/2018\/03\/IMG_0811.jpg?fit=5184%2C3456","jetpack_publicize_connections":[],"jetpack_sharing_enabled":true,"jetpack_shortlink":"https:\/\/wp.me\/p8wvZV-11E","_links":{"self":[{"href":"http:\/\/jsdacores.pt\/front\/wp-json\/wp\/v2\/posts\/3946","targetHints":{"allow":["GET"]}}],"collection":[{"href":"http:\/\/jsdacores.pt\/front\/wp-json\/wp\/v2\/posts"}],"about":[{"href":"http:\/\/jsdacores.pt\/front\/wp-json\/wp\/v2\/types\/post"}],"author":[{"embeddable":true,"href":"http:\/\/jsdacores.pt\/front\/wp-json\/wp\/v2\/users\/1"}],"replies":[{"embeddable":true,"href":"http:\/\/jsdacores.pt\/front\/wp-json\/wp\/v2\/comments?post=3946"}],"version-history":[{"count":1,"href":"http:\/\/jsdacores.pt\/front\/wp-json\/wp\/v2\/posts\/3946\/revisions"}],"predecessor-version":[{"id":3959,"href":"http:\/\/jsdacores.pt\/front\/wp-json\/wp\/v2\/posts\/3946\/revisions\/3959"}],"wp:featuredmedia":[{"embeddable":true,"href":"http:\/\/jsdacores.pt\/front\/wp-json\/wp\/v2\/media\/3953"}],"wp:attachment":[{"href":"http:\/\/jsdacores.pt\/front\/wp-json\/wp\/v2\/media?parent=3946"}],"wp:term":[{"taxonomy":"category","embeddable":true,"href":"http:\/\/jsdacores.pt\/front\/wp-json\/wp\/v2\/categories?post=3946"},{"taxonomy":"post_tag","embeddable":true,"href":"http:\/\/jsdacores.pt\/front\/wp-json\/wp\/v2\/tags?post=3946"}],"curies":[{"name":"wp","href":"https:\/\/api.w.org\/{rel}","templated":true}]}}