{"id":4039,"date":"2018-04-16T14:24:10","date_gmt":"2018-04-16T14:24:10","guid":{"rendered":"http:\/\/jsdacores.pt\/front\/?p=4039"},"modified":"2018-04-17T11:44:58","modified_gmt":"2018-04-17T11:44:58","slug":"xxv-congresso-nacional-da-jsd","status":"publish","type":"post","link":"http:\/\/jsdacores.pt\/front\/multimedia\/xxv-congresso-nacional-da-jsd\/","title":{"rendered":"XXV Congresso Nacional da JSD"},"content":{"rendered":"\n\t\t\t<style type='text\/css'>\n\t\t\t\t#gallery-1 {\n\t\t\t\t\tmargin: auto;\n\t\t\t\t}\n\t\t\t\t#gallery-1 .gallery-item {\n\t\t\t\t\tfloat: left;\n\t\t\t\t\tmargin-top: 10px;\n\t\t\t\t\ttext-align: center;\n\t\t\t\t\twidth: 33.33%;\n\t\t\t\t}\n\t\t\t\t#gallery-1 img {\n\t\t\t\t\tborder: 2px solid #cfcfcf;\n\t\t\t\t}\n\t\t\t\t#gallery-1 .gallery-caption {\n\t\t\t\t\tmargin-left: 0;\n\t\t\t\t}\n\t\t\t\t\/* see gallery_shortcode() in wp-includes\/media.php *\/\n\t\t\t<\/style>\n\t\t<div data-carousel-extra='{\"blog_id\":1,\"permalink\":\"http:\\\/\\\/jsdacores.pt\\\/front\\\/multimedia\\\/xxv-congresso-nacional-da-jsd\\\/\"}' id='gallery-1' class='gallery galleryid-4039 gallery-columns-3 gallery-size-medium file'><dl class='gallery-item'>\n\t\t\t\t<dt class='gallery-icon landscape'>\n\t\t\t\t\t<a href='https:\/\/i0.wp.com\/jsdacores.pt\/front\/wp-content\/uploads\/2018\/04\/IMG_0097.jpg'><img loading=\"lazy\" decoding=\"async\" width=\"300\" height=\"200\" src=\"https:\/\/i0.wp.com\/jsdacores.pt\/front\/wp-content\/uploads\/2018\/04\/IMG_0097.jpg?fit=300%2C200\" class=\"attachment-medium size-medium\" alt=\"\" srcset=\"https:\/\/i0.wp.com\/jsdacores.pt\/front\/wp-content\/uploads\/2018\/04\/IMG_0097.jpg?w=1296 1296w, https:\/\/i0.wp.com\/jsdacores.pt\/front\/wp-content\/uploads\/2018\/04\/IMG_0097.jpg?resize=300%2C200 300w, https:\/\/i0.wp.com\/jsdacores.pt\/front\/wp-content\/uploads\/2018\/04\/IMG_0097.jpg?resize=768%2C512 768w, https:\/\/i0.wp.com\/jsdacores.pt\/front\/wp-content\/uploads\/2018\/04\/IMG_0097.jpg?resize=1024%2C683 1024w, https:\/\/i0.wp.com\/jsdacores.pt\/front\/wp-content\/uploads\/2018\/04\/IMG_0097.jpg?resize=219%2C146 219w, https:\/\/i0.wp.com\/jsdacores.pt\/front\/wp-content\/uploads\/2018\/04\/IMG_0097.jpg?resize=50%2C33 50w, https:\/\/i0.wp.com\/jsdacores.pt\/front\/wp-content\/uploads\/2018\/04\/IMG_0097.jpg?resize=113%2C75 113w\" sizes=\"auto, (max-width: 300px) 100vw, 300px\" data-attachment-id=\"4032\" data-permalink=\"http:\/\/jsdacores.pt\/front\/news\/margarida-balseiro-lopes-e-a-nova-presidente-da-jsd\/attachment\/img_0097\/\" data-orig-file=\"https:\/\/i0.wp.com\/jsdacores.pt\/front\/wp-content\/uploads\/2018\/04\/IMG_0097.jpg?fit=1296%2C864\" data-orig-size=\"1296,864\" data-comments-opened=\"1\" data-image-meta=\"{&quot;aperture&quot;:&quot;0&quot;,&quot;credit&quot;:&quot;&quot;,&quot;camera&quot;:&quot;&quot;,&quot;caption&quot;:&quot;&quot;,&quot;created_timestamp&quot;:&quot;0&quot;,&quot;copyright&quot;:&quot;&quot;,&quot;focal_length&quot;:&quot;0&quot;,&quot;iso&quot;:&quot;0&quot;,&quot;shutter_speed&quot;:&quot;0&quot;,&quot;title&quot;:&quot;&quot;,&quot;orientation&quot;:&quot;0&quot;}\" data-image-title=\"IMG_0097\" data-image-description=\"\" data-image-caption=\"\" data-medium-file=\"https:\/\/i0.wp.com\/jsdacores.pt\/front\/wp-content\/uploads\/2018\/04\/IMG_0097.jpg?fit=300%2C200\" data-large-file=\"https:\/\/i0.wp.com\/jsdacores.pt\/front\/wp-content\/uploads\/2018\/04\/IMG_0097.jpg?fit=1024%2C683\" \/><\/a>\n\t\t\t\t<\/dt><\/dl><dl class='gallery-item'>\n\t\t\t\t<dt class='gallery-icon landscape'>\n\t\t\t\t\t<a href='https:\/\/i0.wp.com\/jsdacores.pt\/front\/wp-content\/uploads\/2018\/04\/xxv-30.jpg'><img loading=\"lazy\" decoding=\"async\" width=\"300\" height=\"225\" src=\"https:\/\/i0.wp.com\/jsdacores.pt\/front\/wp-content\/uploads\/2018\/04\/xxv-30.jpg?fit=300%2C225\" class=\"attachment-medium size-medium\" alt=\"\" srcset=\"https:\/\/i0.wp.com\/jsdacores.pt\/front\/wp-content\/uploads\/2018\/04\/xxv-30.jpg?w=4267 4267w, https:\/\/i0.wp.com\/jsdacores.pt\/front\/wp-content\/uploads\/2018\/04\/xxv-30.jpg?resize=300%2C225 300w, https:\/\/i0.wp.com\/jsdacores.pt\/front\/wp-content\/uploads\/2018\/04\/xxv-30.jpg?resize=768%2C576 768w, https:\/\/i0.wp.com\/jsdacores.pt\/front\/wp-content\/uploads\/2018\/04\/xxv-30.jpg?resize=1024%2C768 1024w, https:\/\/i0.wp.com\/jsdacores.pt\/front\/wp-content\/uploads\/2018\/04\/xxv-30.jpg?resize=195%2C146 195w, https:\/\/i0.wp.com\/jsdacores.pt\/front\/wp-content\/uploads\/2018\/04\/xxv-30.jpg?resize=50%2C37 50w, https:\/\/i0.wp.com\/jsdacores.pt\/front\/wp-content\/uploads\/2018\/04\/xxv-30.jpg?resize=100%2C75 100w, https:\/\/i0.wp.com\/jsdacores.pt\/front\/wp-content\/uploads\/2018\/04\/xxv-30.jpg?w=2400 2400w, https:\/\/i0.wp.com\/jsdacores.pt\/front\/wp-content\/uploads\/2018\/04\/xxv-30.jpg?w=3600 3600w\" sizes=\"auto, (max-width: 300px) 100vw, 300px\" data-attachment-id=\"4048\" data-permalink=\"http:\/\/jsdacores.pt\/front\/multimedia\/xxv-congresso-nacional-da-jsd\/attachment\/xxv-30\/\" data-orig-file=\"https:\/\/i0.wp.com\/jsdacores.pt\/front\/wp-content\/uploads\/2018\/04\/xxv-30.jpg?fit=4267%2C3200\" data-orig-size=\"4267,3200\" data-comments-opened=\"1\" data-image-meta=\"{&quot;aperture&quot;:&quot;0&quot;,&quot;credit&quot;:&quot;&quot;,&quot;camera&quot;:&quot;&quot;,&quot;caption&quot;:&quot;&quot;,&quot;created_timestamp&quot;:&quot;0&quot;,&quot;copyright&quot;:&quot;&quot;,&quot;focal_length&quot;:&quot;0&quot;,&quot;iso&quot;:&quot;0&quot;,&quot;shutter_speed&quot;:&quot;0&quot;,&quot;title&quot;:&quot;&quot;,&quot;orientation&quot;:&quot;0&quot;}\" data-image-title=\"xxv-30\" data-image-description=\"\" data-image-caption=\"\" data-medium-file=\"https:\/\/i0.wp.com\/jsdacores.pt\/front\/wp-content\/uploads\/2018\/04\/xxv-30.jpg?fit=300%2C225\" data-large-file=\"https:\/\/i0.wp.com\/jsdacores.pt\/front\/wp-content\/uploads\/2018\/04\/xxv-30.jpg?fit=1024%2C768\" \/><\/a>\n\t\t\t\t<\/dt><\/dl><dl class='gallery-item'>\n\t\t\t\t<dt class='gallery-icon landscape'>\n\t\t\t\t\t<a href='https:\/\/i0.wp.com\/jsdacores.pt\/front\/wp-content\/uploads\/2018\/04\/IMG_0093-3.jpg'><img loading=\"lazy\" decoding=\"async\" width=\"300\" height=\"200\" src=\"https:\/\/i0.wp.com\/jsdacores.pt\/front\/wp-content\/uploads\/2018\/04\/IMG_0093-3.jpg?fit=300%2C200\" class=\"attachment-medium size-medium\" alt=\"\" srcset=\"https:\/\/i0.wp.com\/jsdacores.pt\/front\/wp-content\/uploads\/2018\/04\/IMG_0093-3.jpg?w=1296 1296w, https:\/\/i0.wp.com\/jsdacores.pt\/front\/wp-content\/uploads\/2018\/04\/IMG_0093-3.jpg?resize=300%2C200 300w, https:\/\/i0.wp.com\/jsdacores.pt\/front\/wp-content\/uploads\/2018\/04\/IMG_0093-3.jpg?resize=768%2C512 768w, https:\/\/i0.wp.com\/jsdacores.pt\/front\/wp-content\/uploads\/2018\/04\/IMG_0093-3.jpg?resize=1024%2C683 1024w, https:\/\/i0.wp.com\/jsdacores.pt\/front\/wp-content\/uploads\/2018\/04\/IMG_0093-3.jpg?resize=219%2C146 219w, https:\/\/i0.wp.com\/jsdacores.pt\/front\/wp-content\/uploads\/2018\/04\/IMG_0093-3.jpg?resize=50%2C33 50w, https:\/\/i0.wp.com\/jsdacores.pt\/front\/wp-content\/uploads\/2018\/04\/IMG_0093-3.jpg?resize=113%2C75 113w\" sizes=\"auto, (max-width: 300px) 100vw, 300px\" data-attachment-id=\"4029\" data-permalink=\"http:\/\/jsdacores.pt\/front\/news\/flavio-soares-eleito-vice-presidente-do-congresso-da-jsd-com-acores-a-reforcar-presenca-nos-orgaos-nacionais\/attachment\/img_0093-3\/\" data-orig-file=\"https:\/\/i0.wp.com\/jsdacores.pt\/front\/wp-content\/uploads\/2018\/04\/IMG_0093-3.jpg?fit=1296%2C864\" data-orig-size=\"1296,864\" data-comments-opened=\"1\" data-image-meta=\"{&quot;aperture&quot;:&quot;0&quot;,&quot;credit&quot;:&quot;&quot;,&quot;camera&quot;:&quot;&quot;,&quot;caption&quot;:&quot;&quot;,&quot;created_timestamp&quot;:&quot;0&quot;,&quot;copyright&quot;:&quot;&quot;,&quot;focal_length&quot;:&quot;0&quot;,&quot;iso&quot;:&quot;0&quot;,&quot;shutter_speed&quot;:&quot;0&quot;,&quot;title&quot;:&quot;&quot;,&quot;orientation&quot;:&quot;0&quot;}\" data-image-title=\"IMG_0093 3\" data-image-description=\"\" data-image-caption=\"\" data-medium-file=\"https:\/\/i0.wp.com\/jsdacores.pt\/front\/wp-content\/uploads\/2018\/04\/IMG_0093-3.jpg?fit=300%2C200\" data-large-file=\"https:\/\/i0.wp.com\/jsdacores.pt\/front\/wp-content\/uploads\/2018\/04\/IMG_0093-3.jpg?fit=1024%2C683\" \/><\/a>\n\t\t\t\t<\/dt><\/dl><br style=\"clear: both\" \/><dl class='gallery-item'>\n\t\t\t\t<dt class='gallery-icon landscape'>\n\t\t\t\t\t<a href='https:\/\/i0.wp.com\/jsdacores.pt\/front\/wp-content\/uploads\/2018\/04\/IMG_0096.jpg'><img loading=\"lazy\" decoding=\"async\" width=\"300\" height=\"200\" src=\"https:\/\/i0.wp.com\/jsdacores.pt\/front\/wp-content\/uploads\/2018\/04\/IMG_0096.jpg?fit=300%2C200\" class=\"attachment-medium size-medium\" alt=\"\" srcset=\"https:\/\/i0.wp.com\/jsdacores.pt\/front\/wp-content\/uploads\/2018\/04\/IMG_0096.jpg?w=1296 1296w, https:\/\/i0.wp.com\/jsdacores.pt\/front\/wp-content\/uploads\/2018\/04\/IMG_0096.jpg?resize=300%2C200 300w, https:\/\/i0.wp.com\/jsdacores.pt\/front\/wp-content\/uploads\/2018\/04\/IMG_0096.jpg?resize=768%2C512 768w, https:\/\/i0.wp.com\/jsdacores.pt\/front\/wp-content\/uploads\/2018\/04\/IMG_0096.jpg?resize=1024%2C683 1024w, https:\/\/i0.wp.com\/jsdacores.pt\/front\/wp-content\/uploads\/2018\/04\/IMG_0096.jpg?resize=219%2C146 219w, https:\/\/i0.wp.com\/jsdacores.pt\/front\/wp-content\/uploads\/2018\/04\/IMG_0096.jpg?resize=50%2C33 50w, https:\/\/i0.wp.com\/jsdacores.pt\/front\/wp-content\/uploads\/2018\/04\/IMG_0096.jpg?resize=113%2C75 113w\" sizes=\"auto, (max-width: 300px) 100vw, 300px\" data-attachment-id=\"4043\" data-permalink=\"http:\/\/jsdacores.pt\/front\/multimedia\/xxv-congresso-nacional-da-jsd\/attachment\/img_0096\/\" data-orig-file=\"https:\/\/i0.wp.com\/jsdacores.pt\/front\/wp-content\/uploads\/2018\/04\/IMG_0096.jpg?fit=1296%2C864\" data-orig-size=\"1296,864\" data-comments-opened=\"1\" data-image-meta=\"{&quot;aperture&quot;:&quot;0&quot;,&quot;credit&quot;:&quot;&quot;,&quot;camera&quot;:&quot;&quot;,&quot;caption&quot;:&quot;&quot;,&quot;created_timestamp&quot;:&quot;0&quot;,&quot;copyright&quot;:&quot;&quot;,&quot;focal_length&quot;:&quot;0&quot;,&quot;iso&quot;:&quot;0&quot;,&quot;shutter_speed&quot;:&quot;0&quot;,&quot;title&quot;:&quot;&quot;,&quot;orientation&quot;:&quot;0&quot;}\" data-image-title=\"IMG_0096\" data-image-description=\"\" data-image-caption=\"\" data-medium-file=\"https:\/\/i0.wp.com\/jsdacores.pt\/front\/wp-content\/uploads\/2018\/04\/IMG_0096.jpg?fit=300%2C200\" data-large-file=\"https:\/\/i0.wp.com\/jsdacores.pt\/front\/wp-content\/uploads\/2018\/04\/IMG_0096.jpg?fit=1024%2C683\" \/><\/a>\n\t\t\t\t<\/dt><\/dl><dl class='gallery-item'>\n\t\t\t\t<dt class='gallery-icon landscape'>\n\t\t\t\t\t<a href='https:\/\/i0.wp.com\/jsdacores.pt\/front\/wp-content\/uploads\/2018\/04\/IMG_0099.jpg'><img loading=\"lazy\" decoding=\"async\" width=\"300\" height=\"200\" src=\"https:\/\/i0.wp.com\/jsdacores.pt\/front\/wp-content\/uploads\/2018\/04\/IMG_0099.jpg?fit=300%2C200\" class=\"attachment-medium size-medium\" alt=\"\" srcset=\"https:\/\/i0.wp.com\/jsdacores.pt\/front\/wp-content\/uploads\/2018\/04\/IMG_0099.jpg?w=1296 1296w, https:\/\/i0.wp.com\/jsdacores.pt\/front\/wp-content\/uploads\/2018\/04\/IMG_0099.jpg?resize=300%2C200 300w, https:\/\/i0.wp.com\/jsdacores.pt\/front\/wp-content\/uploads\/2018\/04\/IMG_0099.jpg?resize=768%2C512 768w, https:\/\/i0.wp.com\/jsdacores.pt\/front\/wp-content\/uploads\/2018\/04\/IMG_0099.jpg?resize=1024%2C683 1024w, https:\/\/i0.wp.com\/jsdacores.pt\/front\/wp-content\/uploads\/2018\/04\/IMG_0099.jpg?resize=219%2C146 219w, https:\/\/i0.wp.com\/jsdacores.pt\/front\/wp-content\/uploads\/2018\/04\/IMG_0099.jpg?resize=50%2C33 50w, https:\/\/i0.wp.com\/jsdacores.pt\/front\/wp-content\/uploads\/2018\/04\/IMG_0099.jpg?resize=113%2C75 113w\" sizes=\"auto, (max-width: 300px) 100vw, 300px\" data-attachment-id=\"4040\" data-permalink=\"http:\/\/jsdacores.pt\/front\/multimedia\/xxv-congresso-nacional-da-jsd\/attachment\/img_0099\/\" data-orig-file=\"https:\/\/i0.wp.com\/jsdacores.pt\/front\/wp-content\/uploads\/2018\/04\/IMG_0099.jpg?fit=1296%2C864\" data-orig-size=\"1296,864\" data-comments-opened=\"1\" data-image-meta=\"{&quot;aperture&quot;:&quot;0&quot;,&quot;credit&quot;:&quot;&quot;,&quot;camera&quot;:&quot;&quot;,&quot;caption&quot;:&quot;&quot;,&quot;created_timestamp&quot;:&quot;0&quot;,&quot;copyright&quot;:&quot;&quot;,&quot;focal_length&quot;:&quot;0&quot;,&quot;iso&quot;:&quot;0&quot;,&quot;shutter_speed&quot;:&quot;0&quot;,&quot;title&quot;:&quot;&quot;,&quot;orientation&quot;:&quot;0&quot;}\" data-image-title=\"IMG_0099\" data-image-description=\"\" data-image-caption=\"\" data-medium-file=\"https:\/\/i0.wp.com\/jsdacores.pt\/front\/wp-content\/uploads\/2018\/04\/IMG_0099.jpg?fit=300%2C200\" data-large-file=\"https:\/\/i0.wp.com\/jsdacores.pt\/front\/wp-content\/uploads\/2018\/04\/IMG_0099.jpg?fit=1024%2C683\" \/><\/a>\n\t\t\t\t<\/dt><\/dl><dl class='gallery-item'>\n\t\t\t\t<dt class='gallery-icon landscape'>\n\t\t\t\t\t<a href='https:\/\/i0.wp.com\/jsdacores.pt\/front\/wp-content\/uploads\/2018\/04\/30715575_1675540002481476_889969596562407424_n.jpg'><img loading=\"lazy\" decoding=\"async\" width=\"300\" height=\"200\" src=\"https:\/\/i0.wp.com\/jsdacores.pt\/front\/wp-content\/uploads\/2018\/04\/30715575_1675540002481476_889969596562407424_n.jpg?fit=300%2C200\" class=\"attachment-medium size-medium\" alt=\"\" srcset=\"https:\/\/i0.wp.com\/jsdacores.pt\/front\/wp-content\/uploads\/2018\/04\/30715575_1675540002481476_889969596562407424_n.jpg?w=720 720w, https:\/\/i0.wp.com\/jsdacores.pt\/front\/wp-content\/uploads\/2018\/04\/30715575_1675540002481476_889969596562407424_n.jpg?resize=300%2C200 300w, https:\/\/i0.wp.com\/jsdacores.pt\/front\/wp-content\/uploads\/2018\/04\/30715575_1675540002481476_889969596562407424_n.jpg?resize=219%2C146 219w, https:\/\/i0.wp.com\/jsdacores.pt\/front\/wp-content\/uploads\/2018\/04\/30715575_1675540002481476_889969596562407424_n.jpg?resize=50%2C33 50w, https:\/\/i0.wp.com\/jsdacores.pt\/front\/wp-content\/uploads\/2018\/04\/30715575_1675540002481476_889969596562407424_n.jpg?resize=113%2C75 113w\" sizes=\"auto, (max-width: 300px) 100vw, 300px\" data-attachment-id=\"4046\" data-permalink=\"http:\/\/jsdacores.pt\/front\/multimedia\/xxv-congresso-nacional-da-jsd\/attachment\/30715575_1675540002481476_889969596562407424_n\/\" data-orig-file=\"https:\/\/i0.wp.com\/jsdacores.pt\/front\/wp-content\/uploads\/2018\/04\/30715575_1675540002481476_889969596562407424_n.jpg?fit=720%2C480\" data-orig-size=\"720,480\" data-comments-opened=\"1\" data-image-meta=\"{&quot;aperture&quot;:&quot;0&quot;,&quot;credit&quot;:&quot;&quot;,&quot;camera&quot;:&quot;&quot;,&quot;caption&quot;:&quot;&quot;,&quot;created_timestamp&quot;:&quot;0&quot;,&quot;copyright&quot;:&quot;&quot;,&quot;focal_length&quot;:&quot;0&quot;,&quot;iso&quot;:&quot;0&quot;,&quot;shutter_speed&quot;:&quot;0&quot;,&quot;title&quot;:&quot;&quot;,&quot;orientation&quot;:&quot;0&quot;}\" data-image-title=\"30715575_1675540002481476_889969596562407424_n\" data-image-description=\"\" data-image-caption=\"\" data-medium-file=\"https:\/\/i0.wp.com\/jsdacores.pt\/front\/wp-content\/uploads\/2018\/04\/30715575_1675540002481476_889969596562407424_n.jpg?fit=300%2C200\" data-large-file=\"https:\/\/i0.wp.com\/jsdacores.pt\/front\/wp-content\/uploads\/2018\/04\/30715575_1675540002481476_889969596562407424_n.jpg?fit=720%2C480\" \/><\/a>\n\t\t\t\t<\/dt><\/dl><br style=\"clear: both\" \/><dl class='gallery-item'>\n\t\t\t\t<dt class='gallery-icon landscape'>\n\t\t\t\t\t<a href='https:\/\/i0.wp.com\/jsdacores.pt\/front\/wp-content\/uploads\/2018\/04\/IMG_0100.jpg'><img loading=\"lazy\" decoding=\"async\" width=\"300\" height=\"200\" src=\"https:\/\/i0.wp.com\/jsdacores.pt\/front\/wp-content\/uploads\/2018\/04\/IMG_0100.jpg?fit=300%2C200\" class=\"attachment-medium size-medium\" alt=\"\" srcset=\"https:\/\/i0.wp.com\/jsdacores.pt\/front\/wp-content\/uploads\/2018\/04\/IMG_0100.jpg?w=1296 1296w, https:\/\/i0.wp.com\/jsdacores.pt\/front\/wp-content\/uploads\/2018\/04\/IMG_0100.jpg?resize=300%2C200 300w, https:\/\/i0.wp.com\/jsdacores.pt\/front\/wp-content\/uploads\/2018\/04\/IMG_0100.jpg?resize=768%2C512 768w, https:\/\/i0.wp.com\/jsdacores.pt\/front\/wp-content\/uploads\/2018\/04\/IMG_0100.jpg?resize=1024%2C683 1024w, https:\/\/i0.wp.com\/jsdacores.pt\/front\/wp-content\/uploads\/2018\/04\/IMG_0100.jpg?resize=219%2C146 219w, https:\/\/i0.wp.com\/jsdacores.pt\/front\/wp-content\/uploads\/2018\/04\/IMG_0100.jpg?resize=50%2C33 50w, https:\/\/i0.wp.com\/jsdacores.pt\/front\/wp-content\/uploads\/2018\/04\/IMG_0100.jpg?resize=113%2C75 113w\" sizes=\"auto, (max-width: 300px) 100vw, 300px\" data-attachment-id=\"4041\" data-permalink=\"http:\/\/jsdacores.pt\/front\/multimedia\/xxv-congresso-nacional-da-jsd\/attachment\/img_0100\/\" data-orig-file=\"https:\/\/i0.wp.com\/jsdacores.pt\/front\/wp-content\/uploads\/2018\/04\/IMG_0100.jpg?fit=1296%2C864\" data-orig-size=\"1296,864\" data-comments-opened=\"1\" data-image-meta=\"{&quot;aperture&quot;:&quot;0&quot;,&quot;credit&quot;:&quot;&quot;,&quot;camera&quot;:&quot;&quot;,&quot;caption&quot;:&quot;&quot;,&quot;created_timestamp&quot;:&quot;0&quot;,&quot;copyright&quot;:&quot;&quot;,&quot;focal_length&quot;:&quot;0&quot;,&quot;iso&quot;:&quot;0&quot;,&quot;shutter_speed&quot;:&quot;0&quot;,&quot;title&quot;:&quot;&quot;,&quot;orientation&quot;:&quot;0&quot;}\" data-image-title=\"IMG_0100\" data-image-description=\"\" data-image-caption=\"\" data-medium-file=\"https:\/\/i0.wp.com\/jsdacores.pt\/front\/wp-content\/uploads\/2018\/04\/IMG_0100.jpg?fit=300%2C200\" data-large-file=\"https:\/\/i0.wp.com\/jsdacores.pt\/front\/wp-content\/uploads\/2018\/04\/IMG_0100.jpg?fit=1024%2C683\" \/><\/a>\n\t\t\t\t<\/dt><\/dl><dl class='gallery-item'>\n\t\t\t\t<dt class='gallery-icon landscape'>\n\t\t\t\t\t<a href='https:\/\/i0.wp.com\/jsdacores.pt\/front\/wp-content\/uploads\/2018\/04\/IMG_0092.jpg'><img loading=\"lazy\" decoding=\"async\" width=\"300\" height=\"200\" src=\"https:\/\/i0.wp.com\/jsdacores.pt\/front\/wp-content\/uploads\/2018\/04\/IMG_0092.jpg?fit=300%2C200\" class=\"attachment-medium size-medium\" alt=\"\" srcset=\"https:\/\/i0.wp.com\/jsdacores.pt\/front\/wp-content\/uploads\/2018\/04\/IMG_0092.jpg?w=1296 1296w, https:\/\/i0.wp.com\/jsdacores.pt\/front\/wp-content\/uploads\/2018\/04\/IMG_0092.jpg?resize=300%2C200 300w, https:\/\/i0.wp.com\/jsdacores.pt\/front\/wp-content\/uploads\/2018\/04\/IMG_0092.jpg?resize=768%2C512 768w, https:\/\/i0.wp.com\/jsdacores.pt\/front\/wp-content\/uploads\/2018\/04\/IMG_0092.jpg?resize=1024%2C683 1024w, https:\/\/i0.wp.com\/jsdacores.pt\/front\/wp-content\/uploads\/2018\/04\/IMG_0092.jpg?resize=219%2C146 219w, https:\/\/i0.wp.com\/jsdacores.pt\/front\/wp-content\/uploads\/2018\/04\/IMG_0092.jpg?resize=50%2C33 50w, https:\/\/i0.wp.com\/jsdacores.pt\/front\/wp-content\/uploads\/2018\/04\/IMG_0092.jpg?resize=113%2C75 113w\" sizes=\"auto, (max-width: 300px) 100vw, 300px\" data-attachment-id=\"4027\" data-permalink=\"http:\/\/jsdacores.pt\/front\/news\/flavio-soares-eleito-vice-presidente-do-congresso-da-jsd-com-acores-a-reforcar-presenca-nos-orgaos-nacionais\/attachment\/img_0092\/\" data-orig-file=\"https:\/\/i0.wp.com\/jsdacores.pt\/front\/wp-content\/uploads\/2018\/04\/IMG_0092.jpg?fit=1296%2C864\" data-orig-size=\"1296,864\" data-comments-opened=\"1\" data-image-meta=\"{&quot;aperture&quot;:&quot;0&quot;,&quot;credit&quot;:&quot;&quot;,&quot;camera&quot;:&quot;&quot;,&quot;caption&quot;:&quot;&quot;,&quot;created_timestamp&quot;:&quot;0&quot;,&quot;copyright&quot;:&quot;&quot;,&quot;focal_length&quot;:&quot;0&quot;,&quot;iso&quot;:&quot;0&quot;,&quot;shutter_speed&quot;:&quot;0&quot;,&quot;title&quot;:&quot;&quot;,&quot;orientation&quot;:&quot;0&quot;}\" data-image-title=\"CONFGRESSO NACIONAL ABRIL 2018\" data-image-description=\"\" data-image-caption=\"\" data-medium-file=\"https:\/\/i0.wp.com\/jsdacores.pt\/front\/wp-content\/uploads\/2018\/04\/IMG_0092.jpg?fit=300%2C200\" data-large-file=\"https:\/\/i0.wp.com\/jsdacores.pt\/front\/wp-content\/uploads\/2018\/04\/IMG_0092.jpg?fit=1024%2C683\" \/><\/a>\n\t\t\t\t<\/dt><\/dl><dl class='gallery-item'>\n\t\t\t\t<dt class='gallery-icon landscape'>\n\t\t\t\t\t<a href='https:\/\/i0.wp.com\/jsdacores.pt\/front\/wp-content\/uploads\/2018\/04\/9FF42DEE-E599-47D7-A13F-3EA0B5A4C58A.jpeg'><img loading=\"lazy\" decoding=\"async\" width=\"300\" height=\"200\" src=\"https:\/\/i0.wp.com\/jsdacores.pt\/front\/wp-content\/uploads\/2018\/04\/9FF42DEE-E599-47D7-A13F-3EA0B5A4C58A.jpeg?fit=300%2C200\" class=\"attachment-medium size-medium\" alt=\"\" srcset=\"https:\/\/i0.wp.com\/jsdacores.pt\/front\/wp-content\/uploads\/2018\/04\/9FF42DEE-E599-47D7-A13F-3EA0B5A4C58A.jpeg?w=880 880w, https:\/\/i0.wp.com\/jsdacores.pt\/front\/wp-content\/uploads\/2018\/04\/9FF42DEE-E599-47D7-A13F-3EA0B5A4C58A.jpeg?resize=300%2C200 300w, https:\/\/i0.wp.com\/jsdacores.pt\/front\/wp-content\/uploads\/2018\/04\/9FF42DEE-E599-47D7-A13F-3EA0B5A4C58A.jpeg?resize=768%2C512 768w, https:\/\/i0.wp.com\/jsdacores.pt\/front\/wp-content\/uploads\/2018\/04\/9FF42DEE-E599-47D7-A13F-3EA0B5A4C58A.jpeg?resize=219%2C146 219w, https:\/\/i0.wp.com\/jsdacores.pt\/front\/wp-content\/uploads\/2018\/04\/9FF42DEE-E599-47D7-A13F-3EA0B5A4C58A.jpeg?resize=50%2C33 50w, https:\/\/i0.wp.com\/jsdacores.pt\/front\/wp-content\/uploads\/2018\/04\/9FF42DEE-E599-47D7-A13F-3EA0B5A4C58A.jpeg?resize=112%2C75 112w\" sizes=\"auto, (max-width: 300px) 100vw, 300px\" data-attachment-id=\"4038\" data-permalink=\"http:\/\/jsdacores.pt\/front\/news\/flavio-soares-eleito-vice-presidente-do-congresso-da-jsd-com-acores-a-reforcar-presenca-nos-orgaos-nacionais\/attachment\/9ff42dee-e599-47d7-a13f-3ea0b5a4c58a\/\" data-orig-file=\"https:\/\/i0.wp.com\/jsdacores.pt\/front\/wp-content\/uploads\/2018\/04\/9FF42DEE-E599-47D7-A13F-3EA0B5A4C58A.jpeg?fit=880%2C587\" data-orig-size=\"880,587\" data-comments-opened=\"1\" data-image-meta=\"{&quot;aperture&quot;:&quot;0&quot;,&quot;credit&quot;:&quot;&quot;,&quot;camera&quot;:&quot;&quot;,&quot;caption&quot;:&quot;&quot;,&quot;created_timestamp&quot;:&quot;0&quot;,&quot;copyright&quot;:&quot;&quot;,&quot;focal_length&quot;:&quot;0&quot;,&quot;iso&quot;:&quot;0&quot;,&quot;shutter_speed&quot;:&quot;0&quot;,&quot;title&quot;:&quot;&quot;,&quot;orientation&quot;:&quot;0&quot;}\" data-image-title=\"9FF42DEE-E599-47D7-A13F-3EA0B5A4C58A\" data-image-description=\"\" data-image-caption=\"\" data-medium-file=\"https:\/\/i0.wp.com\/jsdacores.pt\/front\/wp-content\/uploads\/2018\/04\/9FF42DEE-E599-47D7-A13F-3EA0B5A4C58A.jpeg?fit=300%2C200\" data-large-file=\"https:\/\/i0.wp.com\/jsdacores.pt\/front\/wp-content\/uploads\/2018\/04\/9FF42DEE-E599-47D7-A13F-3EA0B5A4C58A.jpeg?fit=880%2C587\" \/><\/a>\n\t\t\t\t<\/dt><\/dl><br style=\"clear: both\" \/>\n\t\t\t<\/div>\n\n<p>Participa\u00e7\u00e3o da estrutural regional dos A\u00e7ores no XXV Congresso Nacional da JSD, na P\u00f3voa de Varzim, entre os dias 13 e 15 de Abril de 2018. Uma delega\u00e7\u00e3o A\u00e7oriana com 30 elementos participou no congresso nacional que elegeu Margarida Balseiro Lopes como presidente da JSD.<\/p>\n","protected":false},"excerpt":{"rendered":"<p>Participa\u00e7\u00e3o da estrutural regional dos A\u00e7ores no XXV Congresso Nacional da JSD, na P\u00f3voa de Varzim, entre os dias 13 e 15 de Abril de 2018.<span class=\"excerpt-hellip\"> [\u2026]<\/span><\/p>\n","protected":false},"author":1,"featured_media":4040,"comment_status":"open","ping_status":"open","sticky":false,"template":"","format":"image","meta":{"spay_email":"","footnotes":"","jetpack_publicize_message":"","jetpack_is_tweetstorm":false,"jetpack_publicize_feature_enabled":true},"categories":[15],"tags":[],"class_list":["post-4039","post","type-post","status-publish","format-image","has-post-thumbnail","hentry","category-multimedia","post_format-post-format-image"],"jetpack_featured_media_url":"https:\/\/i0.wp.com\/jsdacores.pt\/front\/wp-content\/uploads\/2018\/04\/IMG_0099.jpg?fit=1296%2C864","jetpack_publicize_connections":[],"jetpack_sharing_enabled":true,"jetpack_shortlink":"https:\/\/wp.me\/p8wvZV-139","_links":{"self":[{"href":"http:\/\/jsdacores.pt\/front\/wp-json\/wp\/v2\/posts\/4039","targetHints":{"allow":["GET"]}}],"collection":[{"href":"http:\/\/jsdacores.pt\/front\/wp-json\/wp\/v2\/posts"}],"about":[{"href":"http:\/\/jsdacores.pt\/front\/wp-json\/wp\/v2\/types\/post"}],"author":[{"embeddable":true,"href":"http:\/\/jsdacores.pt\/front\/wp-json\/wp\/v2\/users\/1"}],"replies":[{"embeddable":true,"href":"http:\/\/jsdacores.pt\/front\/wp-json\/wp\/v2\/comments?post=4039"}],"version-history":[{"count":5,"href":"http:\/\/jsdacores.pt\/front\/wp-json\/wp\/v2\/posts\/4039\/revisions"}],"predecessor-version":[{"id":4050,"href":"http:\/\/jsdacores.pt\/front\/wp-json\/wp\/v2\/posts\/4039\/revisions\/4050"}],"wp:featuredmedia":[{"embeddable":true,"href":"http:\/\/jsdacores.pt\/front\/wp-json\/wp\/v2\/media\/4040"}],"wp:attachment":[{"href":"http:\/\/jsdacores.pt\/front\/wp-json\/wp\/v2\/media?parent=4039"}],"wp:term":[{"taxonomy":"category","embeddable":true,"href":"http:\/\/jsdacores.pt\/front\/wp-json\/wp\/v2\/categories?post=4039"},{"taxonomy":"post_tag","embeddable":true,"href":"http:\/\/jsdacores.pt\/front\/wp-json\/wp\/v2\/tags?post=4039"}],"curies":[{"name":"wp","href":"https:\/\/api.w.org\/{rel}","templated":true}]}}