{"id":4051,"date":"2018-04-18T12:02:17","date_gmt":"2018-04-18T12:02:17","guid":{"rendered":"http:\/\/jsdacores.pt\/front\/?p=4051"},"modified":"2018-04-19T11:23:09","modified_gmt":"2018-04-19T11:23:09","slug":"flavio-soares-com-as-mudancas-no-estagiar-u-o-gra-reconhece-a-sua-ma-gestao-ou-simplesmente-acabou-o-dinheiro","status":"publish","type":"post","link":"http:\/\/jsdacores.pt\/front\/news\/flavio-soares-com-as-mudancas-no-estagiar-u-o-gra-reconhece-a-sua-ma-gestao-ou-simplesmente-acabou-o-dinheiro\/","title":{"rendered":"Fl\u00e1vio Soares: &#8220;As mudan\u00e7as no Estagiar U s\u00e3o o reconhecimento de m\u00e1 gest\u00e3o ou simplesmente acabou o dinheiro?&#8221;"},"content":{"rendered":"<h4>Fl\u00e1vio Soares, presidente da JSD\/A\u00e7ores, em rea\u00e7\u00e3o \u00e0 publica\u00e7\u00e3o das altera\u00e7\u00f5es no Estagiar U questionou se a raz\u00e3o destas modifica\u00e7\u00f5es \u00e0 regulamenta\u00e7\u00e3o do programa &#8220;se deve ao reconhecimento do Governo Regional dos A\u00e7ores da m\u00e1 gest\u00e3o dos fundos comunit\u00e1rios para a promo\u00e7\u00e3o de emprego ou se simplesmente acabou o dinheiro&#8221;.<\/h4>\n<p>Desde a passada sexta-feira que o programa Estagiar U, que abrange jovens universit\u00e1rios durante um m\u00eas no ver\u00e3o, sofre altera\u00e7\u00f5es na sua regulamenta\u00e7\u00e3o para permitir pagar menos aos seus benefici\u00e1rios.<\/p>\n<p>&#8220;A compensa\u00e7\u00e3o pecuni\u00e1ria aos jovens desce para 50% do valor do sal\u00e1rio m\u00ednimo regional, quando at\u00e9 agora era de 100%, com a aparente justifica\u00e7\u00e3o da redu\u00e7\u00e3o do n\u00famero de horas semanais de 35 para 20. Ora, esta redu\u00e7\u00e3o do n\u00famero de horas de est\u00e1gio \u00e9 apenas o bode expiat\u00f3rio para a inten\u00e7\u00e3o de se gastar menos com o programa&#8221; afirmou Fl\u00e1vio Soares.<\/p>\n<p>Para o jovem dirigente social democrata &#8220;as altera\u00e7\u00f5es agora apresentadas confirmam aquilo que a JSD\/A\u00e7ores anda a dizer h\u00e1 muito tempo: exige-se uma gest\u00e3o rigorosa dos fundos comunit\u00e1rios para a promo\u00e7\u00e3o de emprego, para que as regras n\u00e3o tenham de ser alteradas a meses da abertura das candidaturas, simplesmente porque se deixou de ter dinheiro&#8221;.<\/p>\n<p>&#8220;Al\u00e9m de que esta redu\u00e7\u00e3o significa a diminui\u00e7\u00e3o do valor pago por hora aos jovens, porque se um jovem trabalha 35 horas semanais para receber 609\u20ac \u00e9 compensado, por hora, com 4,35\u20ac. Com as novas regras, trabalhando 20 horas para receber 304,50\u20ac, isso significa que passa a ser compensado em apenas 3,80\u20ac\/hora&#8221;. Para Fl\u00e1vio Soares, \u00a0se queriam diminuir o que se gasta com o Estagiar U &#8220;ao menos tivessem a dec\u00eancia de manter o valor hora&#8221;.<\/p>\n<p>O dirigente regional da JSD concluiu afirmando que &#8220;a JSD\/A\u00e7ores n\u00e3o \u00e9 contra os programas de est\u00e1gios profissionais, mas \u00e9 sim contra a falta de vergonha como s\u00e3o tratados os jovens a\u00e7orianos. Quando se tem dinheiro, inventa-se mais um programa, quando o dinheiro acaba, tem de se cortar, defraudando expectativas leg\u00edtimas&#8221;.<\/p>\n<p>As altera\u00e7\u00f5es ao programa Estagiar U foram<a href=\"https:\/\/jo.azores.gov.pt\/#\/ato\/164da73b-619c-4759-92d5-fc94f290e059\"> publicadas em Jornal Oficial<\/a> no passado dia 13 de Abril.<\/p>\n","protected":false},"excerpt":{"rendered":"<p>Fl\u00e1vio Soares, presidente da JSD\/A\u00e7ores, em rea\u00e7\u00e3o \u00e0 publica\u00e7\u00e3o das altera\u00e7\u00f5es no Estagiar U questionou se a raz\u00e3o destas modifica\u00e7\u00f5es \u00e0 regulamenta\u00e7\u00e3o do programa &#8220;se deve<span class=\"excerpt-hellip\"> [\u2026]<\/span><\/p>\n","protected":false},"author":1,"featured_media":2936,"comment_status":"open","ping_status":"open","sticky":false,"template":"","format":"image","meta":{"spay_email":"","footnotes":"","jetpack_publicize_message":"","jetpack_is_tweetstorm":false,"jetpack_publicize_feature_enabled":true},"categories":[28,23,11,25],"tags":[],"class_list":["post-4051","post","type-post","status-publish","format-image","has-post-thumbnail","hentry","category-destaque","category-emprego","category-news","category-presidente","post_format-post-format-image"],"jetpack_featured_media_url":"https:\/\/i0.wp.com\/jsdacores.pt\/front\/wp-content\/uploads\/2017\/06\/IMG_7993.jpg?fit=5184%2C3456","jetpack_publicize_connections":[],"jetpack_sharing_enabled":true,"jetpack_shortlink":"https:\/\/wp.me\/p8wvZV-13l","_links":{"self":[{"href":"http:\/\/jsdacores.pt\/front\/wp-json\/wp\/v2\/posts\/4051","targetHints":{"allow":["GET"]}}],"collection":[{"href":"http:\/\/jsdacores.pt\/front\/wp-json\/wp\/v2\/posts"}],"about":[{"href":"http:\/\/jsdacores.pt\/front\/wp-json\/wp\/v2\/types\/post"}],"author":[{"embeddable":true,"href":"http:\/\/jsdacores.pt\/front\/wp-json\/wp\/v2\/users\/1"}],"replies":[{"embeddable":true,"href":"http:\/\/jsdacores.pt\/front\/wp-json\/wp\/v2\/comments?post=4051"}],"version-history":[{"count":7,"href":"http:\/\/jsdacores.pt\/front\/wp-json\/wp\/v2\/posts\/4051\/revisions"}],"predecessor-version":[{"id":4060,"href":"http:\/\/jsdacores.pt\/front\/wp-json\/wp\/v2\/posts\/4051\/revisions\/4060"}],"wp:featuredmedia":[{"embeddable":true,"href":"http:\/\/jsdacores.pt\/front\/wp-json\/wp\/v2\/media\/2936"}],"wp:attachment":[{"href":"http:\/\/jsdacores.pt\/front\/wp-json\/wp\/v2\/media?parent=4051"}],"wp:term":[{"taxonomy":"category","embeddable":true,"href":"http:\/\/jsdacores.pt\/front\/wp-json\/wp\/v2\/categories?post=4051"},{"taxonomy":"post_tag","embeddable":true,"href":"http:\/\/jsdacores.pt\/front\/wp-json\/wp\/v2\/tags?post=4051"}],"curies":[{"name":"wp","href":"https:\/\/api.w.org\/{rel}","templated":true}]}}