{"id":4117,"date":"2018-04-30T17:23:47","date_gmt":"2018-04-30T17:23:47","guid":{"rendered":"http:\/\/jsdacores.pt\/front\/?p=4117"},"modified":"2018-05-02T15:27:47","modified_gmt":"2018-05-02T15:27:47","slug":"flavio-soares-apela-a-que-a-jsd-seja-a-voz-critica-e-irreverente-que-diz-o-que-outros-nao-tem-coragem-para-dizer","status":"publish","type":"post","link":"http:\/\/jsdacores.pt\/front\/news\/flavio-soares-apela-a-que-a-jsd-seja-a-voz-critica-e-irreverente-que-diz-o-que-outros-nao-tem-coragem-para-dizer\/","title":{"rendered":"Fl\u00e1vio Soares apela a que a JSD seja a &#8220;voz cr\u00edtica e irreverente que diz o que outros n\u00e3o tem coragem para dizer&#8221;"},"content":{"rendered":"<h4>Fl\u00e1vio Soares, Presidente da JSD\/A\u00e7ores, afirmou que a JSD deve manter-se como uma &#8220;voz cr\u00edtica e irreverente que diz o que outros n\u00e3o tem coragem para dizer&#8221; perante o abandono que o governo nacional tem vetado as regi\u00f5es aut\u00f3nomas e a\u00a0juventude Portuguesa.<\/h4>\n<p>O l\u00edder da JSD\/A\u00e7ores, falando ontem no encerramento do Congresso Regional da JSD\/Madeira, n\u00e3o deixou de lan\u00e7ar o repto para que os jovens insulares se unem na luta &#8220;contra este paradigma de que est\u00e1 tudo bem e tudo se resolve&#8221; afirmando que\u00a0o governo nacional &#8220;atira\u00a0para tr\u00e1s das costas aqueles que s\u00e3o os problemas da sua compet\u00eancia e da sua responsabilidade&#8221;.<\/p>\n<p>&#8220;N\u00e3o fosse a obriga\u00e7\u00e3o do Governo, tanto do Governo Regional dos A\u00e7ores como o Governo da Rep\u00fablica, de apresentar estat\u00edsticas e nem se importariam com as pol\u00edticas de juventude.\u00a0Apenas importa o seu controlo da nossa regi\u00e3o e do pa\u00eds.&#8221; afirmou Fl\u00e1vio Soares, concluindo que &#8220;o\u00a0poder socialista est\u00e1 instalado no A\u00e7ores e em Portugal. O mestre que o instalou nos A\u00e7ores, foi mesmo mestre que ajudou Ant\u00f3nio Costa a instal\u00e1-la no nosso pa\u00eds&#8221;.<\/p>\n<p>Fl\u00e1vio Soares deixou ainda a cr\u00edtica \u00e0queles que &#8220;devendo estar ao servi\u00e7o da juventude, actuam apenas como mensageiros da verdade oficial&#8221;, afirmando que a pol\u00e9mica que se instalou nos A\u00e7ores com os cortes ao programa regional ESTAGIAR U, \u00e9 a &#8220;prova que se recorre a todos os meios para esconder as verdadeiras inten\u00e7\u00f5es do Governo Regional, mesmo que para se isso se coloque na boca da JSD\/A\u00e7ores, aquilo que ela n\u00e3o disse&#8221;.<\/p>\n<p>&#8220;A JSD deve estar sempre, mas mesmo sempre, ao servi\u00e7o da social-democracia, garantindo, ao mesmo tempo, que cada um de n\u00f3s constr\u00f3i o seu caminho sem qualquer barreira imposta. E n\u00e3o h\u00e1 nenhum obst\u00e1culo que a JSD, e os jovens portugueses n\u00e3o sejam capazes de derrubar.\u00a0\u00c9 por isto, \u00e9 por tudo isto, que a JSD \u00e9 a maior e a melhor estrutura de juventude partid\u00e1ria do nosso Pais&#8221; afirmou logo no in\u00edcio da sua interven\u00e7\u00e3o.<\/p>\n<p>O XXII Congresso Regional da JSD\/Madeira decorreu este fim-de-semana, tendo eleito o companheiro Bruno Melim como novo l\u00edder regional a JSD. Na sua interven\u00e7\u00e3o, Fl\u00e1vio Soares convidou o seu hom\u00f3logo madeirense para uma nova edi\u00e7\u00e3o da Cimeira Atl\u00e2ntica, uma iniciativa que tem juntado as duas estruturas de juventude insulares.<\/p>\n<p>Fl\u00e1vio Soares, deixou ainda um &#8220;abra\u00e7o amigos dos A\u00e7ores&#8221; ao companheiro Andr\u00e9 Alves, que foi l\u00edder da JSD\/Madeira at\u00e9 este congresso, e que organizou com a JSD\/A\u00e7ores uma edi\u00e7\u00e3o da Cimeira Atl\u00e2ntica.<\/p>\n","protected":false},"excerpt":{"rendered":"<p>Fl\u00e1vio Soares, Presidente da JSD\/A\u00e7ores, afirmou que a JSD deve manter-se como uma &#8220;voz cr\u00edtica e irreverente que diz o que outros n\u00e3o tem coragem para<span class=\"excerpt-hellip\"> [\u2026]<\/span><\/p>\n","protected":false},"author":1,"featured_media":4141,"comment_status":"open","ping_status":"open","sticky":false,"template":"","format":"image","meta":{"spay_email":"","footnotes":"","jetpack_publicize_message":"","jetpack_is_tweetstorm":false,"jetpack_publicize_feature_enabled":true},"categories":[11,25],"tags":[],"class_list":["post-4117","post","type-post","status-publish","format-image","has-post-thumbnail","hentry","category-news","category-presidente","post_format-post-format-image"],"jetpack_featured_media_url":"https:\/\/i0.wp.com\/jsdacores.pt\/front\/wp-content\/uploads\/2018\/05\/DSC_3280.jpg?fit=1798%2C1200","jetpack_publicize_connections":[],"jetpack_sharing_enabled":true,"jetpack_shortlink":"https:\/\/wp.me\/p8wvZV-14p","_links":{"self":[{"href":"http:\/\/jsdacores.pt\/front\/wp-json\/wp\/v2\/posts\/4117","targetHints":{"allow":["GET"]}}],"collection":[{"href":"http:\/\/jsdacores.pt\/front\/wp-json\/wp\/v2\/posts"}],"about":[{"href":"http:\/\/jsdacores.pt\/front\/wp-json\/wp\/v2\/types\/post"}],"author":[{"embeddable":true,"href":"http:\/\/jsdacores.pt\/front\/wp-json\/wp\/v2\/users\/1"}],"replies":[{"embeddable":true,"href":"http:\/\/jsdacores.pt\/front\/wp-json\/wp\/v2\/comments?post=4117"}],"version-history":[{"count":8,"href":"http:\/\/jsdacores.pt\/front\/wp-json\/wp\/v2\/posts\/4117\/revisions"}],"predecessor-version":[{"id":4126,"href":"http:\/\/jsdacores.pt\/front\/wp-json\/wp\/v2\/posts\/4117\/revisions\/4126"}],"wp:featuredmedia":[{"embeddable":true,"href":"http:\/\/jsdacores.pt\/front\/wp-json\/wp\/v2\/media\/4141"}],"wp:attachment":[{"href":"http:\/\/jsdacores.pt\/front\/wp-json\/wp\/v2\/media?parent=4117"}],"wp:term":[{"taxonomy":"category","embeddable":true,"href":"http:\/\/jsdacores.pt\/front\/wp-json\/wp\/v2\/categories?post=4117"},{"taxonomy":"post_tag","embeddable":true,"href":"http:\/\/jsdacores.pt\/front\/wp-json\/wp\/v2\/tags?post=4117"}],"curies":[{"name":"wp","href":"https:\/\/api.w.org\/{rel}","templated":true}]}}