{"id":4159,"date":"2018-05-14T17:05:09","date_gmt":"2018-05-14T17:05:09","guid":{"rendered":"http:\/\/jsdacores.pt\/front\/?p=4159"},"modified":"2018-05-14T17:05:09","modified_gmt":"2018-05-14T17:05:09","slug":"juventude-e-disponibilidade-eunice-pinheiro-sousa-2-4","status":"publish","type":"post","link":"http:\/\/jsdacores.pt\/front\/opiniao\/juventude-e-disponibilidade-eunice-pinheiro-sousa-2-4\/","title":{"rendered":"Um dia-a-dia &#8211; Eunice Pinheiro Sousa"},"content":{"rendered":"<p>&nbsp;<\/p>\n<p>H\u00e1 situa\u00e7\u00f5es nas nossas vidas que n\u00e3o conseguimos prever e que depois de chegadas nada mais h\u00e1 a fazer sen\u00e3o aceit\u00e1-las com tudo aquilo que elas acarretam, mesmo que isso implique uma altera\u00e7\u00e3o da nossa rotina. Foram estas vicissitudes que me mantiveram ausente no \u00faltimo m\u00eas.<\/p>\n<p>Ausente na escrita, mas n\u00e3o ausente na reflex\u00e3o. E durante estas semanas em que todo o tempo foi dedicado a uma \u00fanica prioridade n\u00e3o deixei de sentir que estava a falta no cumprimento das minhas responsabilidades. Por isso, aceitem as minhas desculpas.<\/p>\n<p>De entre as prioridades da nossa vida, em que lugar \u00e9 colocada a nossa a\u00e7\u00e3o e responsabilidade pol\u00edtica. Durante o \u00faltima m\u00eas, consciente das minhas falhas, esta foi uma quest\u00e3o sobre a qual dei por mim a pensar por diversas vezes. De que forma \u00e9 abra\u00e7ado o projeto que queremos construir para a social-democracia, como o estruturamos nas nossas comunidades e que import\u00e2ncia tem na vida de cada um que assume essa responsabilidade.<\/p>\n<p>Numa perspetiva pessoal, para mim \u00e9 imposs\u00edvel dissociar o exerc\u00edcio das responsabilidades que assumo na minha comunidade da minha a\u00e7\u00e3o pol\u00edtica. Ali\u00e1s, entendo ser este sentido de perten\u00e7a e de viv\u00eancia comunit\u00e1ria a grande a virtude da concretiza\u00e7\u00e3o pr\u00e1tica dos objetivos pol\u00edticos que se possam ter. Para que n\u00e3o seja mal interpretada, clarifico. Quando me refiro a objetivos pol\u00edticos n\u00e3o o fa\u00e7o a pensar em ambi\u00e7\u00f5es pessoais de ascender a este ou \u00e0quele lugar. A\u00e7\u00e3o pol\u00edtica n\u00e3o \u00e9 isto ou pelo menos n\u00e3o o deveria ser. Estas metas pol\u00edticas a que me refiro t\u00eam somente como protagonista o valor comunit\u00e1rio que podem trazer. \u00c9 aquilo que achamos que a nossa comunidade necessita, \u00e9 aquilo que precisamos de fazer para o conseguir, \u00e9 o enriquecimento e valoriza\u00e7\u00e3o de todos. \u00c9 trabalho, \u00e9 responsabilidade, \u00e9 presen\u00e7a, para que todos colham os frutos desta dedica\u00e7\u00e3o.<\/p>\n<p>Referi a\u00e7\u00e3o pol\u00edtica, mas n\u00e3o a\u00e7\u00e3o partid\u00e1ria. No cumprimento destas responsabilidades a a\u00e7\u00e3o partid\u00e1ria, apesar de sempre presente, n\u00e3o \u00e9 determinante. A preocupa\u00e7\u00e3o deve ser unir e congregar para que se consigam atingir metas e objetivos em benef\u00edcio do que assim \u00e9 poss\u00edvel realizar na comunidade. \u00c9 neste desprovimento de interesses pessoais ou partid\u00e1rios que est\u00e1 o ganho. O ganho para todos. Mas volto a clarificar. A social-democracia \u00e9 uma prioridade, o Partido Social Democrata uma fam\u00edlia a que tenho orgulho em pertencer e assumo no melhor para a gera\u00e7\u00e3o de jovens a\u00e7orianos uma causa, numa equipa que felizmente tem sempre trabalhado por todos e n\u00e3o por si ou para si.<\/p>\n<p>Hoje, sexta feira, dia 11 de maio, terei ensaio de foclore, amanh\u00e3, antes do trilho pedestre promovido pela JSD\/VFC, irei dar catequese aos meus meninos do 4\u00ba ano. Entre um e outro, \u00e9 prov\u00e1vel que acorde de madrugada para amassar p\u00e3o ou massa sovada no neg\u00f3cio de fam\u00edlia, enquanto as vicissitudes que me mantiveram afastada v\u00e3o passando.<\/p>\n<h4>Entre tudo isto e mais, mais ou menos presente, a social-democracia \u00e9 sempre uma prioridade querida e nunca esquecida. \u00c9 a crescer juntos, com pessoas que colocam tudo o que sabem em favor da sua comunidade, que conseguimos melhor para uns A\u00e7ores de futuro, din\u00e2micos e abertos ao mundo, sem esquecer as linhas identit\u00e1rias que marcam a nossa a\u00e7orianidade.<\/h4>\n<p><em>Eunice Pinheiro Sousa \u00e9 Secret\u00e1ria Geral da JSD\/A\u00e7ores desde 2017 e Conselheira Nacional da JSD<\/em><\/p>\n","protected":false},"excerpt":{"rendered":"<p>&nbsp; H\u00e1 situa\u00e7\u00f5es nas nossas vidas que n\u00e3o conseguimos prever e que depois de chegadas nada mais h\u00e1 a fazer sen\u00e3o aceit\u00e1-las com tudo aquilo que<span class=\"excerpt-hellip\"> [\u2026]<\/span><\/p>\n","protected":false},"author":1,"featured_media":3890,"comment_status":"open","ping_status":"open","sticky":false,"template":"","format":"image","meta":{"spay_email":"","footnotes":"","jetpack_publicize_message":"","jetpack_is_tweetstorm":false,"jetpack_publicize_feature_enabled":true},"categories":[16],"tags":[],"class_list":["post-4159","post","type-post","status-publish","format-image","has-post-thumbnail","hentry","category-opiniao","post_format-post-format-image"],"jetpack_featured_media_url":"https:\/\/i0.wp.com\/jsdacores.pt\/front\/wp-content\/uploads\/2018\/03\/Eunice-Sousa.png?fit=2222%2C800","jetpack_publicize_connections":[],"jetpack_sharing_enabled":true,"jetpack_shortlink":"https:\/\/wp.me\/p8wvZV-155","_links":{"self":[{"href":"http:\/\/jsdacores.pt\/front\/wp-json\/wp\/v2\/posts\/4159","targetHints":{"allow":["GET"]}}],"collection":[{"href":"http:\/\/jsdacores.pt\/front\/wp-json\/wp\/v2\/posts"}],"about":[{"href":"http:\/\/jsdacores.pt\/front\/wp-json\/wp\/v2\/types\/post"}],"author":[{"embeddable":true,"href":"http:\/\/jsdacores.pt\/front\/wp-json\/wp\/v2\/users\/1"}],"replies":[{"embeddable":true,"href":"http:\/\/jsdacores.pt\/front\/wp-json\/wp\/v2\/comments?post=4159"}],"version-history":[{"count":1,"href":"http:\/\/jsdacores.pt\/front\/wp-json\/wp\/v2\/posts\/4159\/revisions"}],"predecessor-version":[{"id":4160,"href":"http:\/\/jsdacores.pt\/front\/wp-json\/wp\/v2\/posts\/4159\/revisions\/4160"}],"wp:featuredmedia":[{"embeddable":true,"href":"http:\/\/jsdacores.pt\/front\/wp-json\/wp\/v2\/media\/3890"}],"wp:attachment":[{"href":"http:\/\/jsdacores.pt\/front\/wp-json\/wp\/v2\/media?parent=4159"}],"wp:term":[{"taxonomy":"category","embeddable":true,"href":"http:\/\/jsdacores.pt\/front\/wp-json\/wp\/v2\/categories?post=4159"},{"taxonomy":"post_tag","embeddable":true,"href":"http:\/\/jsdacores.pt\/front\/wp-json\/wp\/v2\/tags?post=4159"}],"curies":[{"name":"wp","href":"https:\/\/api.w.org\/{rel}","templated":true}]}}