{"id":4177,"date":"2018-05-16T12:40:33","date_gmt":"2018-05-16T12:40:33","guid":{"rendered":"http:\/\/jsdacores.pt\/front\/?p=4177"},"modified":"2018-05-16T12:40:33","modified_gmt":"2018-05-16T12:40:33","slug":"flavio-soares-se-as-estruturas-partidarias-nao-servem-para-estar-ao-lado-de-quem-necessita-entao-nao-servem","status":"publish","type":"post","link":"http:\/\/jsdacores.pt\/front\/news\/flavio-soares-se-as-estruturas-partidarias-nao-servem-para-estar-ao-lado-de-quem-necessita-entao-nao-servem\/","title":{"rendered":"Fl\u00e1vio Soares: &#8220;Se as estruturas partid\u00e1rias n\u00e3o servem para estar ao lado de quem necessita, ent\u00e3o n\u00e3o servem&#8221;"},"content":{"rendered":"<h4>Fl\u00e1vio Soares, Presidente da JSD\/A\u00e7ores, afirmou ontem que &#8220;se as estruturas partid\u00e1rias e pol\u00edticas, independentemente da cor ou ideologia pol\u00edtica, n\u00e3o servem para estar ao lado de quem necessita, ent\u00e3o n\u00e3o servem \u00e0 democracia&#8221;.<\/h4>\n<p>O Presidente da JSD\/A\u00e7ores, que falava depois de uma visita ao Centro Social e Cultural dos Fenais da Luz, afirmou que &#8220;os partidos devem ser o bra\u00e7o direito das institui\u00e7\u00f5es particulares de solidariedade social no seu apoio \u00e0queles que necessitam. N\u00e3o tivessem sido estas institui\u00e7\u00f5es e a situa\u00e7\u00e3o social dos A\u00e7ores seria ainda pior do que \u00e9&#8221;.<\/p>\n<p>&#8220;Para quem acompanha a atividade da JSD\/A\u00e7ores sabe que a pol\u00edtica do bota abaixo n\u00e3o faz o nosso estilo. Fazemos, intransigentemente, a defesa daquilo em que acreditamos e, neste caso, n\u00e3o temos d\u00favida do importante papel que as IPSS, e at\u00e9 de associa\u00e7\u00f5es de jovens, tem na sociedade A\u00e7oriana como manto protetor das fam\u00edlias e das franjas da sociedade&#8221; afirmou Fl\u00e1vio Soares, depois de lembrar que j\u00e1 tinha chamado \u00e0 aten\u00e7\u00e3o em dezembro passado para que a solidariedade n\u00e3o fosse &#8220;uma bandeira que se agita quando d\u00e1 jeito&#8221;.<\/p>\n<p>&#8220;Estas associa\u00e7\u00f5es e institui\u00e7\u00f5es necessitam do apoio de todos, sendo de lamentar que algumas delas se encontrem numa situa\u00e7\u00e3o muito complicada financeiramente, \u00e0 beira de encerrarem algumas das suas val\u00eancias, por falta de equidade na atribui\u00e7\u00e3o de apoios p\u00fablicos pelo Governo Regional dos A\u00e7ores&#8221; afirmou Fl\u00e1vio Soares.<\/p>\n<p>No mesmo dia em que se comemorava o dia do Assistente Social, Fl\u00e1vio Soares e Eunice Pinheiro Sousa visitaram a institui\u00e7\u00e3o que recebeu os donativos da Gala Solid\u00e1ria 2017 da JSD\/A\u00e7ores, porque &#8220;mais do que entregar dinheiro, queremos garantir que estas institui\u00e7\u00f5es saibam que podem contar com a JSD para estar ao seu lado&#8221;, encerrou o presidente da estrutura de juventude social democrata.<\/p>\n<p>&nbsp;<\/p>\n","protected":false},"excerpt":{"rendered":"<p>Fl\u00e1vio Soares, Presidente da JSD\/A\u00e7ores, afirmou ontem que &#8220;se as estruturas partid\u00e1rias e pol\u00edticas, independentemente da cor ou ideologia pol\u00edtica, n\u00e3o servem para estar ao lado<span class=\"excerpt-hellip\"> [\u2026]<\/span><\/p>\n","protected":false},"author":1,"featured_media":4183,"comment_status":"open","ping_status":"open","sticky":false,"template":"","format":"image","meta":{"spay_email":"","footnotes":"","jetpack_publicize_message":"","jetpack_is_tweetstorm":false,"jetpack_publicize_feature_enabled":true},"categories":[11,25],"tags":[],"class_list":["post-4177","post","type-post","status-publish","format-image","has-post-thumbnail","hentry","category-news","category-presidente","post_format-post-format-image"],"jetpack_featured_media_url":"https:\/\/i0.wp.com\/jsdacores.pt\/front\/wp-content\/uploads\/2018\/05\/20180515172847.jpg?fit=2304%2C1536","jetpack_publicize_connections":[],"jetpack_sharing_enabled":true,"jetpack_shortlink":"https:\/\/wp.me\/p8wvZV-15n","_links":{"self":[{"href":"http:\/\/jsdacores.pt\/front\/wp-json\/wp\/v2\/posts\/4177","targetHints":{"allow":["GET"]}}],"collection":[{"href":"http:\/\/jsdacores.pt\/front\/wp-json\/wp\/v2\/posts"}],"about":[{"href":"http:\/\/jsdacores.pt\/front\/wp-json\/wp\/v2\/types\/post"}],"author":[{"embeddable":true,"href":"http:\/\/jsdacores.pt\/front\/wp-json\/wp\/v2\/users\/1"}],"replies":[{"embeddable":true,"href":"http:\/\/jsdacores.pt\/front\/wp-json\/wp\/v2\/comments?post=4177"}],"version-history":[{"count":4,"href":"http:\/\/jsdacores.pt\/front\/wp-json\/wp\/v2\/posts\/4177\/revisions"}],"predecessor-version":[{"id":4190,"href":"http:\/\/jsdacores.pt\/front\/wp-json\/wp\/v2\/posts\/4177\/revisions\/4190"}],"wp:featuredmedia":[{"embeddable":true,"href":"http:\/\/jsdacores.pt\/front\/wp-json\/wp\/v2\/media\/4183"}],"wp:attachment":[{"href":"http:\/\/jsdacores.pt\/front\/wp-json\/wp\/v2\/media?parent=4177"}],"wp:term":[{"taxonomy":"category","embeddable":true,"href":"http:\/\/jsdacores.pt\/front\/wp-json\/wp\/v2\/categories?post=4177"},{"taxonomy":"post_tag","embeddable":true,"href":"http:\/\/jsdacores.pt\/front\/wp-json\/wp\/v2\/tags?post=4177"}],"curies":[{"name":"wp","href":"https:\/\/api.w.org\/{rel}","templated":true}]}}