{"id":4364,"date":"2018-06-11T12:27:46","date_gmt":"2018-06-11T12:27:46","guid":{"rendered":"http:\/\/jsdacores.pt\/front\/?p=4364"},"modified":"2018-06-16T09:46:06","modified_gmt":"2018-06-16T09:46:06","slug":"candidaturas-a-uv-acores-ja-comecaram-a-chegar","status":"publish","type":"post","link":"http:\/\/jsdacores.pt\/front\/news\/candidaturas-a-uv-acores-ja-comecaram-a-chegar\/","title":{"rendered":"Candidaturas \u00e0 UV A\u00e7ores j\u00e1 come\u00e7aram a chegar"},"content":{"rendered":"<h4>As primeiras candidaturas \u00e0 Universidade de Ver\u00e3o A\u00e7ores come\u00e7aram a chegar, depois de a organiza\u00e7\u00e3o as ter aberto \u00e0s 00:00 desta segunda-feira.<\/h4>\n<p>O caminho at\u00e9 \u00e0 maior iniciativa de forma\u00e7\u00e3o pol\u00edtica nos A\u00e7ores come\u00e7ou no s\u00e1bado, dia 09 de junho, quando o conselho regional da JSD\/A\u00e7ores aprovou o regulamento de mais uma edi\u00e7\u00e3o da UV A\u00e7ores. Nesta segunda-feira, foi dado o segundo passo para a defini\u00e7\u00e3o dos 30 alunos que ter\u00e3o lugar na quinta edi\u00e7\u00e3o, com a abertura das candidaturas.<\/p>\n<p>J\u00e1 \u00e9 poss\u00edvel, a qualquer jovem entre os 16 e os 30 anos, apresentar a sua candidatura \u00e0 UV A\u00e7ores, que se realiza no final de Agosto em Santa Maria.\u00a0Neste edi\u00e7\u00e3o, a UV A\u00e7ores quer conhecer melhor os alunos que vir\u00e3o a formar-se nesta escola pol\u00edtica, pedindo que os mesmos se apresentem, da forma mais criativa e completa poss\u00edvel, num pequeno texto ou v\u00eddeo.<\/p>\n<p>A UV A\u00e7ores est\u00e1 aberta a todos os jovens a\u00e7orianos, militantes ou n\u00e3o, porque a preocupa\u00e7\u00e3o s\u00e3o as ideias e n\u00e3o o cart\u00e3o de militante.<\/p>\n","protected":false},"excerpt":{"rendered":"<p>As primeiras candidaturas \u00e0 Universidade de Ver\u00e3o A\u00e7ores come\u00e7aram a chegar, depois de a organiza\u00e7\u00e3o as ter aberto \u00e0s 00:00 desta segunda-feira. O caminho at\u00e9 \u00e0<span class=\"excerpt-hellip\"> [\u2026]<\/span><\/p>\n","protected":false},"author":1,"featured_media":4365,"comment_status":"open","ping_status":"open","sticky":false,"template":"","format":"image","meta":{"spay_email":"","footnotes":"","jetpack_publicize_message":"","jetpack_is_tweetstorm":false,"jetpack_publicize_feature_enabled":true},"categories":[11,22],"tags":[],"class_list":["post-4364","post","type-post","status-publish","format-image","has-post-thumbnail","hentry","category-news","category-uv-acores","post_format-post-format-image"],"jetpack_featured_media_url":"https:\/\/i0.wp.com\/jsdacores.pt\/front\/wp-content\/uploads\/2018\/06\/20882368_2025092937516576_5841171444441317155_n.jpg?fit=1132%2C800","jetpack_publicize_connections":[],"jetpack_sharing_enabled":true,"jetpack_shortlink":"https:\/\/wp.me\/p8wvZV-18o","_links":{"self":[{"href":"http:\/\/jsdacores.pt\/front\/wp-json\/wp\/v2\/posts\/4364","targetHints":{"allow":["GET"]}}],"collection":[{"href":"http:\/\/jsdacores.pt\/front\/wp-json\/wp\/v2\/posts"}],"about":[{"href":"http:\/\/jsdacores.pt\/front\/wp-json\/wp\/v2\/types\/post"}],"author":[{"embeddable":true,"href":"http:\/\/jsdacores.pt\/front\/wp-json\/wp\/v2\/users\/1"}],"replies":[{"embeddable":true,"href":"http:\/\/jsdacores.pt\/front\/wp-json\/wp\/v2\/comments?post=4364"}],"version-history":[{"count":1,"href":"http:\/\/jsdacores.pt\/front\/wp-json\/wp\/v2\/posts\/4364\/revisions"}],"predecessor-version":[{"id":4366,"href":"http:\/\/jsdacores.pt\/front\/wp-json\/wp\/v2\/posts\/4364\/revisions\/4366"}],"wp:featuredmedia":[{"embeddable":true,"href":"http:\/\/jsdacores.pt\/front\/wp-json\/wp\/v2\/media\/4365"}],"wp:attachment":[{"href":"http:\/\/jsdacores.pt\/front\/wp-json\/wp\/v2\/media?parent=4364"}],"wp:term":[{"taxonomy":"category","embeddable":true,"href":"http:\/\/jsdacores.pt\/front\/wp-json\/wp\/v2\/categories?post=4364"},{"taxonomy":"post_tag","embeddable":true,"href":"http:\/\/jsdacores.pt\/front\/wp-json\/wp\/v2\/tags?post=4364"}],"curies":[{"name":"wp","href":"https:\/\/api.w.org\/{rel}","templated":true}]}}