{"id":4428,"date":"2018-06-21T14:14:17","date_gmt":"2018-06-21T14:14:17","guid":{"rendered":"http:\/\/jsdacores.pt\/front\/?p=4428"},"modified":"2018-08-10T10:19:43","modified_gmt":"2018-08-10T10:19:43","slug":"uv-acores-2018-reune-temas-da-agricultura-a-inovacao-e-tecnologias","status":"publish","type":"post","link":"http:\/\/jsdacores.pt\/front\/news\/uv-acores-2018-reune-temas-da-agricultura-a-inovacao-e-tecnologias\/","title":{"rendered":"UV A\u00e7ores 2018 re\u00fane temas da Agricultura \u00e0 Inova\u00e7\u00e3o e Tecnologias"},"content":{"rendered":"<h4>Foi hoje divulgado o programa da UV A\u00e7ores 2018, que come\u00e7a a 30 de agosto em Santa Maria, reunindo temas desde a Agricultura \u00e0 Inova\u00e7\u00e3o e Tecnologias, e que conta com mais de 20 professores e oradores convidados.<\/h4>\n<p>A UV A\u00e7ores 2018 come\u00e7a a 30 de Agosto, com a presen\u00e7a de Rui Rio, Presidente do PSD, e de Margarida Balseiro Lopes, Presidente da JSD, terminando apenas a 2 de Setembro, com a sess\u00e3o de encerramento, onde participam os presidentes das estruturas regionais organizadoras de mais uma UV, Duarte Freitas e Fl\u00e1vio Soares.<\/p>\n<p>O programa, agora conhecido, passa, durante os quatro dias de forma\u00e7\u00e3o, por temas como a agricultura, com Ant\u00f3nio Almeida e Ant\u00f3nio Ventura, at\u00e9 \u00e0 Inova\u00e7\u00e3o e Tecnologias, com Gon\u00e7alo Lobo Xavier e Jos\u00e9 de Sousa. Pelo meio desta nova edi\u00e7\u00e3o da UV A\u00e7ores existe, ainda, espa\u00e7o para o Turismo, com Carlos Santos e Vera Terra, para o futuro da Uni\u00e3o Europeia, com Sofia Ribeiro ou para a fixa\u00e7\u00e3o de jovens em ilhas e concelhos mais pequenos, com Ant\u00f3nio Miguel Soares.<\/p>\n<p>O dia sexta-feira come\u00e7a com a valoriza\u00e7\u00e3o do poder local, com dois autarcas marienses, Carlos Rodrigues e Daniel Gon\u00e7alves. No final do dia de aulas no s\u00e1bado, os alunos t\u00eam ainda a possibilidade de discutir com anteriores l\u00edderes regionais da JSD nos A\u00e7ores e na Madeira, o papel da juventude na pol\u00edtica, para al\u00e9m do contacto com m\u00faltiplas associa\u00e7\u00f5es e institui\u00e7\u00f5es marienses, em visitas de estudo.<\/p>\n<p>Durante os quatro dias de forma\u00e7\u00e3o, e depois de uma aula sobre interven\u00e7\u00f5es em p\u00fablico e orat\u00f3ria, com Ana Andrade, os trinta alunos preparam-se para a simula\u00e7\u00e3o da sess\u00e3o plen\u00e1ria onde, indo buscar os conhecimentos das aulas a que assistiram, t\u00eam de apresentar propostas sob diversos temas. A sess\u00e3o plen\u00e1ria \u00e9 um exerc\u00edcio do trabalho parlamentar onde participam todos os alunos, divididos por grupos.<\/p>\n<p><strong>As candidaturas \u00e0 edi\u00e7\u00e3o deste ano da UV A\u00e7ores continuam abertas at\u00e9 amanh\u00e3 (22 de junho) em www.uv.jsdacores.pt.<\/strong><\/p>\n<p><a href=\"https:\/\/i0.wp.com\/jsdacores.pt\/front\/wp-content\/uploads\/2018\/06\/Programa-06.jpg\"><img loading=\"lazy\" decoding=\"async\" data-attachment-id=\"4441\" data-permalink=\"http:\/\/jsdacores.pt\/front\/news\/uv-acores-2018-reune-temas-da-agricultura-a-inovacao-e-tecnologias\/attachment\/programa-06\/\" data-orig-file=\"https:\/\/i0.wp.com\/jsdacores.pt\/front\/wp-content\/uploads\/2018\/06\/Programa-06.jpg?fit=1368%2C3287\" data-orig-size=\"1368,3287\" data-comments-opened=\"1\" data-image-meta=\"{&quot;aperture&quot;:&quot;0&quot;,&quot;credit&quot;:&quot;&quot;,&quot;camera&quot;:&quot;&quot;,&quot;caption&quot;:&quot;&quot;,&quot;created_timestamp&quot;:&quot;0&quot;,&quot;copyright&quot;:&quot;&quot;,&quot;focal_length&quot;:&quot;0&quot;,&quot;iso&quot;:&quot;0&quot;,&quot;shutter_speed&quot;:&quot;0&quot;,&quot;title&quot;:&quot;&quot;,&quot;orientation&quot;:&quot;0&quot;}\" data-image-title=\"Programa-06\" data-image-description=\"\" data-image-caption=\"\" data-medium-file=\"https:\/\/i0.wp.com\/jsdacores.pt\/front\/wp-content\/uploads\/2018\/06\/Programa-06.jpg?fit=125%2C300\" data-large-file=\"https:\/\/i0.wp.com\/jsdacores.pt\/front\/wp-content\/uploads\/2018\/06\/Programa-06.jpg?fit=426%2C1024\" class=\"alignnone size-full wp-image-4441\" src=\"https:\/\/i0.wp.com\/jsdacores.pt\/front\/wp-content\/uploads\/2018\/06\/Programa-06.jpg?resize=1200%2C2883\" alt=\"\" width=\"1200\" height=\"2883\" srcset=\"https:\/\/i0.wp.com\/jsdacores.pt\/front\/wp-content\/uploads\/2018\/06\/Programa-06.jpg?w=1368 1368w, https:\/\/i0.wp.com\/jsdacores.pt\/front\/wp-content\/uploads\/2018\/06\/Programa-06.jpg?resize=125%2C300 125w, https:\/\/i0.wp.com\/jsdacores.pt\/front\/wp-content\/uploads\/2018\/06\/Programa-06.jpg?resize=768%2C1845 768w, https:\/\/i0.wp.com\/jsdacores.pt\/front\/wp-content\/uploads\/2018\/06\/Programa-06.jpg?resize=426%2C1024 426w, https:\/\/i0.wp.com\/jsdacores.pt\/front\/wp-content\/uploads\/2018\/06\/Programa-06.jpg?resize=61%2C146 61w, https:\/\/i0.wp.com\/jsdacores.pt\/front\/wp-content\/uploads\/2018\/06\/Programa-06.jpg?resize=21%2C50 21w, https:\/\/i0.wp.com\/jsdacores.pt\/front\/wp-content\/uploads\/2018\/06\/Programa-06.jpg?resize=31%2C75 31w\" sizes=\"auto, (max-width: 1200px) 100vw, 1200px\" data-recalc-dims=\"1\" \/><\/a><\/p>\n","protected":false},"excerpt":{"rendered":"<p>Foi hoje divulgado o programa da UV A\u00e7ores 2018, que come\u00e7a a 30 de agosto em Santa Maria, reunindo temas desde a Agricultura \u00e0 Inova\u00e7\u00e3o e<span class=\"excerpt-hellip\"> [\u2026]<\/span><\/p>\n","protected":false},"author":1,"featured_media":4436,"comment_status":"open","ping_status":"open","sticky":false,"template":"","format":"image","meta":{"spay_email":"","footnotes":"","jetpack_publicize_message":"","jetpack_is_tweetstorm":false,"jetpack_publicize_feature_enabled":true},"categories":[11,22],"tags":[],"class_list":["post-4428","post","type-post","status-publish","format-image","has-post-thumbnail","hentry","category-news","category-uv-acores","post_format-post-format-image"],"jetpack_featured_media_url":"https:\/\/i0.wp.com\/jsdacores.pt\/front\/wp-content\/uploads\/2018\/06\/Programa-09.jpg?fit=2800%2C2012","jetpack_publicize_connections":[],"jetpack_sharing_enabled":true,"jetpack_shortlink":"https:\/\/wp.me\/p8wvZV-19q","_links":{"self":[{"href":"http:\/\/jsdacores.pt\/front\/wp-json\/wp\/v2\/posts\/4428","targetHints":{"allow":["GET"]}}],"collection":[{"href":"http:\/\/jsdacores.pt\/front\/wp-json\/wp\/v2\/posts"}],"about":[{"href":"http:\/\/jsdacores.pt\/front\/wp-json\/wp\/v2\/types\/post"}],"author":[{"embeddable":true,"href":"http:\/\/jsdacores.pt\/front\/wp-json\/wp\/v2\/users\/1"}],"replies":[{"embeddable":true,"href":"http:\/\/jsdacores.pt\/front\/wp-json\/wp\/v2\/comments?post=4428"}],"version-history":[{"count":10,"href":"http:\/\/jsdacores.pt\/front\/wp-json\/wp\/v2\/posts\/4428\/revisions"}],"predecessor-version":[{"id":4466,"href":"http:\/\/jsdacores.pt\/front\/wp-json\/wp\/v2\/posts\/4428\/revisions\/4466"}],"wp:featuredmedia":[{"embeddable":true,"href":"http:\/\/jsdacores.pt\/front\/wp-json\/wp\/v2\/media\/4436"}],"wp:attachment":[{"href":"http:\/\/jsdacores.pt\/front\/wp-json\/wp\/v2\/media?parent=4428"}],"wp:term":[{"taxonomy":"category","embeddable":true,"href":"http:\/\/jsdacores.pt\/front\/wp-json\/wp\/v2\/categories?post=4428"},{"taxonomy":"post_tag","embeddable":true,"href":"http:\/\/jsdacores.pt\/front\/wp-json\/wp\/v2\/tags?post=4428"}],"curies":[{"name":"wp","href":"https:\/\/api.w.org\/{rel}","templated":true}]}}