{"id":4548,"date":"2018-07-27T16:37:58","date_gmt":"2018-07-27T16:37:58","guid":{"rendered":"http:\/\/jsdacores.pt\/front\/?p=4548"},"modified":"2018-07-31T09:53:19","modified_gmt":"2018-07-31T09:53:19","slug":"flavio-soares-em-visita-oficial-a-graciosa","status":"publish","type":"post","link":"http:\/\/jsdacores.pt\/front\/news\/flavio-soares-em-visita-oficial-a-graciosa\/","title":{"rendered":"Fl\u00e1vio Soares em visita oficial \u00e0 Graciosa"},"content":{"rendered":"<h4>O Presidente da JSD\/A\u00e7ores, Fl\u00e1vio Soares, inicia no pr\u00f3ximo dia 3 de agosto uma visita de tr\u00eas dias \u00e0 ilha Graciosa onde contactar\u00e1 com a estrutura de Juventude Social Democrata Graciosense e com diversas institui\u00e7\u00f5es da ilha.<\/h4>\n<p>&#8220;Este modelo de visitas a todas as ilhas dos A\u00e7ores \u00e9 o cumprimento de um compromisso de proximidade que assumi com os jovens A\u00e7orianos no in\u00edcio do meu mandato e que pretendo honrar&#8221; afirmou Fl\u00e1vio Soares na antevis\u00e3o de mais uma desloca\u00e7\u00e3o oficial &#8220;a uma ilha que, como outras, sofre as consequ\u00eancias da sua dupla insularidade&#8221;.<\/p>\n<p>Na visita, que come\u00e7a a 3 de agosto, o Presidente da JSD\/A\u00e7ores ter\u00e1 oportunidade de visitar diversas institui\u00e7\u00f5es Graciosenses e de contactar com os militantes Graciosenses.<\/p>\n<p>Para al\u00e9m do pr\u00f3prio Presidente da JSD\/A\u00e7ores, a comitiva da estrutura regional integra ainda o vice-presidente coordenador, Lu\u00eds Pereira, ele pr\u00f3prio natural da ilha Graciosa e que conta com a organiza\u00e7\u00e3o do l\u00edder da estrutura local Graciosenses, Daniel Silva.<\/p>\n","protected":false},"excerpt":{"rendered":"<p>O Presidente da JSD\/A\u00e7ores, Fl\u00e1vio Soares, inicia no pr\u00f3ximo dia 3 de agosto uma visita de tr\u00eas dias \u00e0 ilha Graciosa onde contactar\u00e1 com a estrutura<span class=\"excerpt-hellip\"> [\u2026]<\/span><\/p>\n","protected":false},"author":1,"featured_media":4549,"comment_status":"open","ping_status":"open","sticky":false,"template":"","format":"image","meta":{"spay_email":"","footnotes":"","jetpack_publicize_message":"","jetpack_is_tweetstorm":false,"jetpack_publicize_feature_enabled":true},"categories":[11,25],"tags":[],"class_list":["post-4548","post","type-post","status-publish","format-image","has-post-thumbnail","hentry","category-news","category-presidente","post_format-post-format-image"],"jetpack_featured_media_url":"https:\/\/i0.wp.com\/jsdacores.pt\/front\/wp-content\/uploads\/2018\/07\/Graciosa-37.jpg?fit=2292%2C1727","jetpack_publicize_connections":[],"jetpack_sharing_enabled":true,"jetpack_shortlink":"https:\/\/wp.me\/p8wvZV-1bm","_links":{"self":[{"href":"http:\/\/jsdacores.pt\/front\/wp-json\/wp\/v2\/posts\/4548","targetHints":{"allow":["GET"]}}],"collection":[{"href":"http:\/\/jsdacores.pt\/front\/wp-json\/wp\/v2\/posts"}],"about":[{"href":"http:\/\/jsdacores.pt\/front\/wp-json\/wp\/v2\/types\/post"}],"author":[{"embeddable":true,"href":"http:\/\/jsdacores.pt\/front\/wp-json\/wp\/v2\/users\/1"}],"replies":[{"embeddable":true,"href":"http:\/\/jsdacores.pt\/front\/wp-json\/wp\/v2\/comments?post=4548"}],"version-history":[{"count":3,"href":"http:\/\/jsdacores.pt\/front\/wp-json\/wp\/v2\/posts\/4548\/revisions"}],"predecessor-version":[{"id":4552,"href":"http:\/\/jsdacores.pt\/front\/wp-json\/wp\/v2\/posts\/4548\/revisions\/4552"}],"wp:featuredmedia":[{"embeddable":true,"href":"http:\/\/jsdacores.pt\/front\/wp-json\/wp\/v2\/media\/4549"}],"wp:attachment":[{"href":"http:\/\/jsdacores.pt\/front\/wp-json\/wp\/v2\/media?parent=4548"}],"wp:term":[{"taxonomy":"category","embeddable":true,"href":"http:\/\/jsdacores.pt\/front\/wp-json\/wp\/v2\/categories?post=4548"},{"taxonomy":"post_tag","embeddable":true,"href":"http:\/\/jsdacores.pt\/front\/wp-json\/wp\/v2\/tags?post=4548"}],"curies":[{"name":"wp","href":"https:\/\/api.w.org\/{rel}","templated":true}]}}