{"id":4558,"date":"2018-08-03T11:06:08","date_gmt":"2018-08-03T11:06:08","guid":{"rendered":"http:\/\/jsdacores.pt\/front\/?p=4558"},"modified":"2018-08-03T13:27:36","modified_gmt":"2018-08-03T13:27:36","slug":"flavio-soares-recebe-alexandre-gaudencio-para-reuniao-de-trabalho","status":"publish","type":"post","link":"http:\/\/jsdacores.pt\/front\/news\/flavio-soares-recebe-alexandre-gaudencio-para-reuniao-de-trabalho\/","title":{"rendered":"Fl\u00e1vio Soares recebeu Alexandre Gaud\u00eancio para reuni\u00e3o de trabalho"},"content":{"rendered":"<h4>O Presidente da JSD\/A\u00e7ores, Fl\u00e1vio Soares, recebeu ontem o candidato a presidente do PSD\/A\u00e7ores, Alexandre Gaud\u00eancio, para uma reuni\u00e3o de trabalho na sede regional, em Ponta Delgada.<\/h4>\n<p>Numa reuni\u00e3o onde foram abordados diversos assuntos considerados priorit\u00e1rios para a juventude A\u00e7oriana, \u00a0e discutida a atual situa\u00e7\u00e3o pol\u00edtica regional, o Presidente da JSD\/A\u00e7ores, Fl\u00e1vio Soares, afirmou que a estrutura regional de juventude social democrata espera &#8220;analisar as propostas concretas para a juventude dos A\u00e7ores que possam sair deste processo eleitoral interno&#8221;.<\/p>\n<p>As elei\u00e7\u00f5es diretas para a lideran\u00e7a do PSD\/A\u00e7ores est\u00e3o agendadas para 29 de Setembro, estando na corrida dois candidatos, \u00a0Alexandre Gaud\u00eancio e Pedro Nascimento Cabral.<\/p>\n","protected":false},"excerpt":{"rendered":"<p>O Presidente da JSD\/A\u00e7ores, Fl\u00e1vio Soares, recebeu ontem o candidato a presidente do PSD\/A\u00e7ores, Alexandre Gaud\u00eancio, para uma reuni\u00e3o de trabalho na sede regional, em Ponta<span class=\"excerpt-hellip\"> [\u2026]<\/span><\/p>\n","protected":false},"author":1,"featured_media":4562,"comment_status":"closed","ping_status":"closed","sticky":false,"template":"","format":"image","meta":{"spay_email":"","footnotes":"","jetpack_publicize_message":"","jetpack_is_tweetstorm":false,"jetpack_publicize_feature_enabled":true},"categories":[11,25],"tags":[],"class_list":["post-4558","post","type-post","status-publish","format-image","has-post-thumbnail","hentry","category-news","category-presidente","post_format-post-format-image"],"jetpack_featured_media_url":"https:\/\/i0.wp.com\/jsdacores.pt\/front\/wp-content\/uploads\/2018\/08\/38250027_2074977889192016_736616286020173824_n.jpg?fit=2048%2C1365","jetpack_publicize_connections":[],"jetpack_sharing_enabled":true,"jetpack_shortlink":"https:\/\/wp.me\/p8wvZV-1bw","_links":{"self":[{"href":"http:\/\/jsdacores.pt\/front\/wp-json\/wp\/v2\/posts\/4558","targetHints":{"allow":["GET"]}}],"collection":[{"href":"http:\/\/jsdacores.pt\/front\/wp-json\/wp\/v2\/posts"}],"about":[{"href":"http:\/\/jsdacores.pt\/front\/wp-json\/wp\/v2\/types\/post"}],"author":[{"embeddable":true,"href":"http:\/\/jsdacores.pt\/front\/wp-json\/wp\/v2\/users\/1"}],"replies":[{"embeddable":true,"href":"http:\/\/jsdacores.pt\/front\/wp-json\/wp\/v2\/comments?post=4558"}],"version-history":[{"count":2,"href":"http:\/\/jsdacores.pt\/front\/wp-json\/wp\/v2\/posts\/4558\/revisions"}],"predecessor-version":[{"id":4563,"href":"http:\/\/jsdacores.pt\/front\/wp-json\/wp\/v2\/posts\/4558\/revisions\/4563"}],"wp:featuredmedia":[{"embeddable":true,"href":"http:\/\/jsdacores.pt\/front\/wp-json\/wp\/v2\/media\/4562"}],"wp:attachment":[{"href":"http:\/\/jsdacores.pt\/front\/wp-json\/wp\/v2\/media?parent=4558"}],"wp:term":[{"taxonomy":"category","embeddable":true,"href":"http:\/\/jsdacores.pt\/front\/wp-json\/wp\/v2\/categories?post=4558"},{"taxonomy":"post_tag","embeddable":true,"href":"http:\/\/jsdacores.pt\/front\/wp-json\/wp\/v2\/tags?post=4558"}],"curies":[{"name":"wp","href":"https:\/\/api.w.org\/{rel}","templated":true}]}}