{"id":4564,"date":"2018-08-07T09:18:02","date_gmt":"2018-08-07T09:18:02","guid":{"rendered":"http:\/\/jsdacores.pt\/front\/?p=4564"},"modified":"2018-08-10T10:18:40","modified_gmt":"2018-08-10T10:18:40","slug":"flavio-soares-alerta-para-a-necessidade-de-pensarmos-no-futuro-das-ilhas-mais-vulneraveis","status":"publish","type":"post","link":"http:\/\/jsdacores.pt\/front\/news\/flavio-soares-alerta-para-a-necessidade-de-pensarmos-no-futuro-das-ilhas-mais-vulneraveis\/","title":{"rendered":"Fl\u00e1vio Soares alerta para a &#8220;necessidade de pensarmos no futuro das ilhas mais vulner\u00e1veis&#8221;"},"content":{"rendered":"\r\n<h4 class=\"wp-block-heading\">O Presidente da JSD\/A\u00e7ores, Fl\u00e1vio Soares, no encerramento da visita \u00e0 ilha Graciosa chamou \u00e0 aten\u00e7\u00e3o para a &#8220;necessidade de pensarmos no futuro das ilhas mais vulner\u00e1veis se queremos manter, num futuro pr\u00f3ximo, os A\u00e7ores como os conhecemos atualmente&#8221;.<\/h4>\r\n\r\n\r\n\r\n\r\nPara Fl\u00e1vio Soares &#8220;as ilhas, como a Graciosa e outras, que tem graves necessidades nas \u00e1reas da sa\u00fade e na sua din\u00e2mica econ\u00f3mica privada, ou constrangimentos numa \u00e1rea fundamental como a educa\u00e7\u00e3o, devem ser alvo de uma reflex\u00e3o aprofundada por todos os dirigentes regionais&#8221;.\r\n\r\n\r\n\r\n\r\n\r\nO l\u00edder social democrata, que falava depois de uma visita de tr\u00eas dias \u00e0 ilha Graciosa, deu ainda o exemplo da proposta, j\u00e1 formulada, pela JSD\/Graciosa, presidida por Daniel Silva, de &#8220;com a cria\u00e7\u00e3o de um local de realiza\u00e7\u00e3o de exames da Universidade Aberta na ilha Graciosa, facilitar o acesso \u00e0 forma\u00e7\u00e3o superior aos Graciosenses que dela necessitem. A Graciosa e o Corvo s\u00e3o, neste momento, as \u00fanicas ilhas A\u00e7orianas que n\u00e3o disp\u00f5em desta possibilidade&#8221;.\r\n\r\n\r\n\r\n\r\n\r\nEm declara\u00e7\u00f5es \u00e0 R\u00e1dio Graciosa, Fl\u00e1vio Soares &#8220;afirmou que a C\u00e2mara Municipal Graciosense deve assumir como sua a miss\u00e3o concretizar esta proposta da estrutura local da JSD na Graciosa, a bem dos jovens Graciosenses, mesmo que lhe mude o nome e n\u00e3o diga de onde veio&#8221;.\r\n\r\n\r\n\r\n\r\n\r\n&#8220;\u00c9 importante criticar, mas criticar por criticar n\u00e3o serve de nada. S\u00e3o as solu\u00e7\u00f5es que podemos apresentar que fazem a diferen\u00e7a na vida das pessoas&#8221; concluiu Fl\u00e1vio Soares, quando ainda se referia a esta proposta da JSD\/Graciosa.\r\n\r\n\r\n\r\n\r\n\r\nNuma reuni\u00e3o com a Comiss\u00e3o Pol\u00edtica de Ilha Graciosense da JSD, Fl\u00e1vio Soares, deixou o repto p\u00fablico para que, com todas as for\u00e7as partid\u00e1rias, em conjunto com todos os A\u00e7orianos, &#8220;fa\u00e7am um debate s\u00e9rio, empenhado e estruturado sobre o futuro da sa\u00fade, educa\u00e7\u00e3o e economia em ilhas mais vulner\u00e1veis&#8221;, defendendo que o &#8220;desgoverno, incongru\u00eancias e falta de rumo&#8221; podem vetar ao abandono A\u00e7orianos.\r\n\r\n&#8220;Temos de saber para onde vamos, sen\u00e3o hipotecamos o nosso futuro coletivo&#8221; concluiu Fl\u00e1vio Soares.\r\n\r\n","protected":false},"excerpt":{"rendered":"<p>O Presidente da JSD\/A\u00e7ores, Fl\u00e1vio Soares, no encerramento da visita \u00e0 ilha Graciosa chamou \u00e0 aten\u00e7\u00e3o para a &#8220;necessidade de pensarmos no futuro das ilhas mais<span class=\"excerpt-hellip\"> [\u2026]<\/span><\/p>\n","protected":false},"author":1,"featured_media":4590,"comment_status":"open","ping_status":"open","sticky":false,"template":"","format":"image","meta":{"spay_email":"","footnotes":"","jetpack_publicize_message":"","jetpack_is_tweetstorm":false,"jetpack_publicize_feature_enabled":true},"categories":[28,11,25],"tags":[],"class_list":["post-4564","post","type-post","status-publish","format-image","has-post-thumbnail","hentry","category-destaque","category-news","category-presidente","post_format-post-format-image"],"jetpack_featured_media_url":"https:\/\/i0.wp.com\/jsdacores.pt\/front\/wp-content\/uploads\/2018\/08\/IMG_0738-1.jpg?fit=4986%2C2855","jetpack_publicize_connections":[],"jetpack_sharing_enabled":true,"jetpack_shortlink":"https:\/\/wp.me\/p8wvZV-1bC","_links":{"self":[{"href":"http:\/\/jsdacores.pt\/front\/wp-json\/wp\/v2\/posts\/4564","targetHints":{"allow":["GET"]}}],"collection":[{"href":"http:\/\/jsdacores.pt\/front\/wp-json\/wp\/v2\/posts"}],"about":[{"href":"http:\/\/jsdacores.pt\/front\/wp-json\/wp\/v2\/types\/post"}],"author":[{"embeddable":true,"href":"http:\/\/jsdacores.pt\/front\/wp-json\/wp\/v2\/users\/1"}],"replies":[{"embeddable":true,"href":"http:\/\/jsdacores.pt\/front\/wp-json\/wp\/v2\/comments?post=4564"}],"version-history":[{"count":8,"href":"http:\/\/jsdacores.pt\/front\/wp-json\/wp\/v2\/posts\/4564\/revisions"}],"predecessor-version":[{"id":4591,"href":"http:\/\/jsdacores.pt\/front\/wp-json\/wp\/v2\/posts\/4564\/revisions\/4591"}],"wp:featuredmedia":[{"embeddable":true,"href":"http:\/\/jsdacores.pt\/front\/wp-json\/wp\/v2\/media\/4590"}],"wp:attachment":[{"href":"http:\/\/jsdacores.pt\/front\/wp-json\/wp\/v2\/media?parent=4564"}],"wp:term":[{"taxonomy":"category","embeddable":true,"href":"http:\/\/jsdacores.pt\/front\/wp-json\/wp\/v2\/categories?post=4564"},{"taxonomy":"post_tag","embeddable":true,"href":"http:\/\/jsdacores.pt\/front\/wp-json\/wp\/v2\/tags?post=4564"}],"curies":[{"name":"wp","href":"https:\/\/api.w.org\/{rel}","templated":true}]}}