{"id":4585,"date":"2018-08-08T11:18:12","date_gmt":"2018-08-08T11:18:12","guid":{"rendered":"http:\/\/jsdacores.pt\/front\/?p=4585"},"modified":"2018-08-08T11:18:12","modified_gmt":"2018-08-08T11:18:12","slug":"flavio-soares-recebe-o-candidato-pedro-nascimento-cabral","status":"publish","type":"post","link":"http:\/\/jsdacores.pt\/front\/news\/flavio-soares-recebe-o-candidato-pedro-nascimento-cabral\/","title":{"rendered":"Fl\u00e1vio Soares recebe o candidato Pedro Nascimento Cabral"},"content":{"rendered":"\r\n<h4 class=\"wp-block-heading\">O Presidente da JSD\/A\u00e7ores, Fl\u00e1vio Soares, recebeu o candidato a l\u00edder do PSD\/A\u00e7ores, Pedro Nascimento Cabral, na sede regional em Ponta Delgada.<\/h4>\r\n\r\n\r\n\r\n\r\nCom esta \u00faltima reuni\u00e3o, a estrutura regional de Juventude Social Democrata, recebeu os dois candidatos \u00e0 lideran\u00e7a regional do partido. As elei\u00e7\u00f5es diretas est\u00e3o agendadas para dia 29 de setembro, tendo como candidatos, para al\u00e9m de Pedro Nascimento Cabral, Alexandre Gaud\u00eancio.\r\n\r\nFl\u00e1vio Soares, em declara\u00e7\u00f5es \u00e0 Radio Graciosa, durante a visita \u00e0 ilha Graciosa este fim-de-semana, anunciou a inten\u00e7\u00e3o da estrutura regional de, por representar todos os jovens sociais democratas, independentemente da sua escolha para pr\u00f3ximo l\u00edder regional, &#8220;n\u00e3o apoiar, de forma institucional, nenhum dos candidatos a estas elei\u00e7\u00f5es directas, estando focada na an\u00e1lise das propostas que possam surgir neste processo eleitoral&#8221;.\r\n\r\n","protected":false},"excerpt":{"rendered":"<p>O Presidente da JSD\/A\u00e7ores, Fl\u00e1vio Soares, recebeu o candidato a l\u00edder do PSD\/A\u00e7ores, Pedro Nascimento Cabral, na sede regional em Ponta Delgada. Com esta \u00faltima reuni\u00e3o,<span class=\"excerpt-hellip\"> [\u2026]<\/span><\/p>\n","protected":false},"author":1,"featured_media":4596,"comment_status":"open","ping_status":"open","sticky":false,"template":"","format":"image","meta":{"spay_email":"","footnotes":"","jetpack_publicize_message":"","jetpack_is_tweetstorm":false,"jetpack_publicize_feature_enabled":true},"categories":[11,25],"tags":[],"class_list":["post-4585","post","type-post","status-publish","format-image","has-post-thumbnail","hentry","category-news","category-presidente","post_format-post-format-image"],"jetpack_featured_media_url":"https:\/\/i0.wp.com\/jsdacores.pt\/front\/wp-content\/uploads\/2018\/08\/38725284_215734712453315_7671758102663790592_n.jpg?fit=1246%2C800","jetpack_publicize_connections":[],"jetpack_sharing_enabled":true,"jetpack_shortlink":"https:\/\/wp.me\/p8wvZV-1bX","_links":{"self":[{"href":"http:\/\/jsdacores.pt\/front\/wp-json\/wp\/v2\/posts\/4585","targetHints":{"allow":["GET"]}}],"collection":[{"href":"http:\/\/jsdacores.pt\/front\/wp-json\/wp\/v2\/posts"}],"about":[{"href":"http:\/\/jsdacores.pt\/front\/wp-json\/wp\/v2\/types\/post"}],"author":[{"embeddable":true,"href":"http:\/\/jsdacores.pt\/front\/wp-json\/wp\/v2\/users\/1"}],"replies":[{"embeddable":true,"href":"http:\/\/jsdacores.pt\/front\/wp-json\/wp\/v2\/comments?post=4585"}],"version-history":[{"count":4,"href":"http:\/\/jsdacores.pt\/front\/wp-json\/wp\/v2\/posts\/4585\/revisions"}],"predecessor-version":[{"id":4595,"href":"http:\/\/jsdacores.pt\/front\/wp-json\/wp\/v2\/posts\/4585\/revisions\/4595"}],"wp:featuredmedia":[{"embeddable":true,"href":"http:\/\/jsdacores.pt\/front\/wp-json\/wp\/v2\/media\/4596"}],"wp:attachment":[{"href":"http:\/\/jsdacores.pt\/front\/wp-json\/wp\/v2\/media?parent=4585"}],"wp:term":[{"taxonomy":"category","embeddable":true,"href":"http:\/\/jsdacores.pt\/front\/wp-json\/wp\/v2\/categories?post=4585"},{"taxonomy":"post_tag","embeddable":true,"href":"http:\/\/jsdacores.pt\/front\/wp-json\/wp\/v2\/tags?post=4585"}],"curies":[{"name":"wp","href":"https:\/\/api.w.org\/{rel}","templated":true}]}}