{"id":4722,"date":"2018-09-01T12:35:50","date_gmt":"2018-09-01T12:35:50","guid":{"rendered":"http:\/\/jsdacores.pt\/front\/?p=4722"},"modified":"2018-09-01T12:35:50","modified_gmt":"2018-09-01T12:35:50","slug":"grupo-lilas-os-desafios-da-sustentabilidade-ambiental","status":"publish","type":"post","link":"http:\/\/jsdacores.pt\/front\/news\/grupo-lilas-os-desafios-da-sustentabilidade-ambiental\/","title":{"rendered":"Grupo Lil\u00e1s &#8211; Os desafios da sustentabilidade ambiental"},"content":{"rendered":"<h4>De forma an\u00e1loga \u00e0s outras ilhas do arquip\u00e9lago, o parque natural de Santa Maria constitui uma \u00e1rea de grande import\u00e2ncia ambiental, sendo a zona do Castelo uma de grande relev\u00e2ncia a n\u00edvel comunit\u00e1rio. Este local engloba um vasto conjunto de esp\u00e9cies end\u00e9micas, entre as quais um tipo de l\u00edquene que funciona como um bioindicador (uma vez que sobrevive \u00e0 base do oxig\u00e9nio que o rodeia), e at\u00e9 mesmo a urze, que era utilizada para tingir roupas. Esta \u00faltima, referida pelo vigilante da natureza, Nelson Moura, \u00e9 uma excelente absorvente da \u00e1gua, o que em tempos de seca equilibra o ecossistema (auxiliando as plantas em seu redor, numa rela\u00e7\u00e3o simbi\u00f3tica).<\/h4>\n<p>Em rela\u00e7\u00e3o \u00e0 visita no \u00e2mbito da hortofloricultura, at\u00e9 \u00e0 Quinta Cora\u00e7\u00e3o da Ilha, p\u00f4de-se apreender que esta se trata de um projeto de primeira instala\u00e7\u00e3o financiado pelo \u2018Pro Rural +\u2019 a 75%, que tem vindo a apresentar uma elevada taxa de crescimento \u2013 a produ\u00e7\u00e3o aumenta para o dobro de ano para ano, sendo que j\u00e1 foram recebidas propostas com a finalidade de estender a produ\u00e7\u00e3o para outras ilhas do arquip\u00e9lago.<\/p>\n<p>A manuten\u00e7\u00e3o da flora end\u00e9mica revela ser fundamental, n\u00e3o s\u00f3 num n\u00edvel singular, como tamb\u00e9m na preserva\u00e7\u00e3o da pr\u00f3pria fauna.<\/p>\n<hr \/>\n<p><em>Texto elaborado no \u00e2mbito de um grupo de trabalho na UV A\u00e7ores 2018<\/em><\/p>\n","protected":false},"excerpt":{"rendered":"<p>De forma an\u00e1loga \u00e0s outras ilhas do arquip\u00e9lago, o parque natural de Santa Maria constitui uma \u00e1rea de grande import\u00e2ncia ambiental, sendo a zona do Castelo<span class=\"excerpt-hellip\"> [\u2026]<\/span><\/p>\n","protected":false},"author":1,"featured_media":4723,"comment_status":"open","ping_status":"open","sticky":false,"template":"","format":"image","meta":{"spay_email":"","footnotes":"","jetpack_publicize_message":"","jetpack_is_tweetstorm":false,"jetpack_publicize_feature_enabled":true},"categories":[11,22],"tags":[],"class_list":["post-4722","post","type-post","status-publish","format-image","has-post-thumbnail","hentry","category-news","category-uv-acores","post_format-post-format-image"],"jetpack_featured_media_url":"https:\/\/i0.wp.com\/jsdacores.pt\/front\/wp-content\/uploads\/2018\/09\/IMG_4000.jpg?fit=4352%2C2904","jetpack_publicize_connections":[],"jetpack_sharing_enabled":true,"jetpack_shortlink":"https:\/\/wp.me\/p8wvZV-1ea","_links":{"self":[{"href":"http:\/\/jsdacores.pt\/front\/wp-json\/wp\/v2\/posts\/4722","targetHints":{"allow":["GET"]}}],"collection":[{"href":"http:\/\/jsdacores.pt\/front\/wp-json\/wp\/v2\/posts"}],"about":[{"href":"http:\/\/jsdacores.pt\/front\/wp-json\/wp\/v2\/types\/post"}],"author":[{"embeddable":true,"href":"http:\/\/jsdacores.pt\/front\/wp-json\/wp\/v2\/users\/1"}],"replies":[{"embeddable":true,"href":"http:\/\/jsdacores.pt\/front\/wp-json\/wp\/v2\/comments?post=4722"}],"version-history":[{"count":1,"href":"http:\/\/jsdacores.pt\/front\/wp-json\/wp\/v2\/posts\/4722\/revisions"}],"predecessor-version":[{"id":4724,"href":"http:\/\/jsdacores.pt\/front\/wp-json\/wp\/v2\/posts\/4722\/revisions\/4724"}],"wp:featuredmedia":[{"embeddable":true,"href":"http:\/\/jsdacores.pt\/front\/wp-json\/wp\/v2\/media\/4723"}],"wp:attachment":[{"href":"http:\/\/jsdacores.pt\/front\/wp-json\/wp\/v2\/media?parent=4722"}],"wp:term":[{"taxonomy":"category","embeddable":true,"href":"http:\/\/jsdacores.pt\/front\/wp-json\/wp\/v2\/categories?post=4722"},{"taxonomy":"post_tag","embeddable":true,"href":"http:\/\/jsdacores.pt\/front\/wp-json\/wp\/v2\/tags?post=4722"}],"curies":[{"name":"wp","href":"https:\/\/api.w.org\/{rel}","templated":true}]}}