{"id":4726,"date":"2018-09-04T14:01:26","date_gmt":"2018-09-04T14:01:26","guid":{"rendered":"http:\/\/jsdacores.pt\/front\/?p=4726"},"modified":"2018-09-04T14:01:26","modified_gmt":"2018-09-04T14:01:26","slug":"grupo-vermelho-falar-claro","status":"publish","type":"post","link":"http:\/\/jsdacores.pt\/front\/news\/grupo-vermelho-falar-claro\/","title":{"rendered":"Grupo Vermelho &#8211; Falar Claro"},"content":{"rendered":"<h4><span class=\"Apple-converted-space\">\u00a0<\/span>A Professora Doutora Ana Andrade, na sua confer\u00eancia sobre Falar Claro, menciona a import\u00e2ncia da argumenta\u00e7\u00e3o p\u00fablica bem estruturada, afirmando que \u00e9 extremamente importante \u00abligar a forma ao conte\u00fado\u00bb.<span class=\"Apple-converted-space\">\u00a0<\/span><\/h4>\n<p>Al\u00e9m disso, partilho com os jovens da V edi\u00e7\u00e3o da Universidade de Ver\u00e3o de 2018, objetivos como \u00e9 o caso da import\u00e2ncia de causar ou aumentar a ades\u00e3o do p\u00fablico \u00e0 tese em causa e fomentar a a\u00e7\u00e3o para uma boa fundamenta\u00e7\u00e3o. Com isto, pretendeu transmitir a ideia de que a a pr\u00e1tica faz a perfei\u00e7\u00e3o.<span class=\"Apple-converted-space\">\u00a0<\/span><\/p>\n<p>Ao concluir, deixa no ar um conselho aos jovens, que consistiu nas seguintes palavras: \u00abquando falares, faz com que a tuas palavras sejam melhores que o teu sil\u00eancio\u00bb<span class=\"Apple-converted-space\">\u00a0<\/span><\/p>\n<hr \/>\n<p><em>Texto realizado no \u00e2mbito de um trabalho de grupo na UV A\u00e7ores 2018<\/em><\/p>\n","protected":false},"excerpt":{"rendered":"<p>\u00a0A Professora Doutora Ana Andrade, na sua confer\u00eancia sobre Falar Claro, menciona a import\u00e2ncia da argumenta\u00e7\u00e3o p\u00fablica bem estruturada, afirmando que \u00e9 extremamente importante \u00abligar a<span class=\"excerpt-hellip\"> [\u2026]<\/span><\/p>\n","protected":false},"author":1,"featured_media":4727,"comment_status":"closed","ping_status":"closed","sticky":false,"template":"","format":"image","meta":{"spay_email":"","footnotes":"","jetpack_publicize_message":"","jetpack_is_tweetstorm":false,"jetpack_publicize_feature_enabled":true},"categories":[11,22],"tags":[],"class_list":["post-4726","post","type-post","status-publish","format-image","has-post-thumbnail","hentry","category-news","category-uv-acores","post_format-post-format-image"],"jetpack_featured_media_url":"https:\/\/i0.wp.com\/jsdacores.pt\/front\/wp-content\/uploads\/2018\/09\/40694632_2653664467992750_3445419715424419840_o.jpg?fit=2048%2C1366","jetpack_publicize_connections":[],"jetpack_sharing_enabled":true,"jetpack_shortlink":"https:\/\/wp.me\/p8wvZV-1ee","_links":{"self":[{"href":"http:\/\/jsdacores.pt\/front\/wp-json\/wp\/v2\/posts\/4726","targetHints":{"allow":["GET"]}}],"collection":[{"href":"http:\/\/jsdacores.pt\/front\/wp-json\/wp\/v2\/posts"}],"about":[{"href":"http:\/\/jsdacores.pt\/front\/wp-json\/wp\/v2\/types\/post"}],"author":[{"embeddable":true,"href":"http:\/\/jsdacores.pt\/front\/wp-json\/wp\/v2\/users\/1"}],"replies":[{"embeddable":true,"href":"http:\/\/jsdacores.pt\/front\/wp-json\/wp\/v2\/comments?post=4726"}],"version-history":[{"count":1,"href":"http:\/\/jsdacores.pt\/front\/wp-json\/wp\/v2\/posts\/4726\/revisions"}],"predecessor-version":[{"id":4728,"href":"http:\/\/jsdacores.pt\/front\/wp-json\/wp\/v2\/posts\/4726\/revisions\/4728"}],"wp:featuredmedia":[{"embeddable":true,"href":"http:\/\/jsdacores.pt\/front\/wp-json\/wp\/v2\/media\/4727"}],"wp:attachment":[{"href":"http:\/\/jsdacores.pt\/front\/wp-json\/wp\/v2\/media?parent=4726"}],"wp:term":[{"taxonomy":"category","embeddable":true,"href":"http:\/\/jsdacores.pt\/front\/wp-json\/wp\/v2\/categories?post=4726"},{"taxonomy":"post_tag","embeddable":true,"href":"http:\/\/jsdacores.pt\/front\/wp-json\/wp\/v2\/tags?post=4726"}],"curies":[{"name":"wp","href":"https:\/\/api.w.org\/{rel}","templated":true}]}}