{"id":4759,"date":"2018-10-12T21:09:37","date_gmt":"2018-10-12T21:09:37","guid":{"rendered":"http:\/\/jsdacores.pt\/front\/?p=4759"},"modified":"2018-10-12T21:13:06","modified_gmt":"2018-10-12T21:13:06","slug":"eunice-pinheiro-sousa-critica-falta-de-tempo-para-a-analise-do-plano-e-orcamento-no-conselho-de-juventude-dos-acores","status":"publish","type":"post","link":"http:\/\/jsdacores.pt\/front\/news\/eunice-pinheiro-sousa-critica-falta-de-tempo-para-a-analise-do-plano-e-orcamento-no-conselho-de-juventude-dos-acores\/","title":{"rendered":"Eunice Pinheiro Sousa critica &#8220;falta de tempo para a an\u00e1lise do Plano e Or\u00e7amento&#8221; no Conselho de Juventude dos A\u00e7ores"},"content":{"rendered":"<h4>A Secret\u00e1ria Geral da JSD\/A\u00e7ores, Eunice Pinheiro Sousa, criticou hoje a \u201cfalta de tempo para a an\u00e1lise do Plano e Or\u00e7amento para 2019\u201d, no Conselho de Juventude dos A\u00e7ores que decorreu em Ponta Delgada.<\/h4>\n<p>A dirigente regional da JSD\/A\u00e7ores, que se encontrava em representa\u00e7\u00e3o da estrutura, na reuni\u00e3o de hoje do Conselho de Juventude dos A\u00e7ores, afirmou que o \u201cenvio deste documento, com a complexidade que lhe \u00e9 reconhecida, com menos de dois dias de anteced\u00eancia \u00e9 manifestamente insuficiente para que qualquer conselheiro possa tomar uma posi\u00e7\u00e3o em consci\u00eancia, ou preparar propostas de melhoria\u201d.<\/p>\n<p>Eunice Pinheiro Sousa reiterou que o Governo Regional \u201cmostrou que olha para a necessidade de an\u00e1lise da ante-proposta do plano e or\u00e7amento no Conselho de Juventude dos A\u00e7ores apenas como um processo administrativo\u201d n\u00e3o permitindo que o \u00f3rg\u00e3o possa trabalhar no esp\u00edrito que esteve na origem da sua constitui\u00e7\u00e3o.<\/p>\n<p>\u201cA JSD\/A\u00e7ores tem uma postura de valoriza\u00e7\u00e3o do Conselho de Juventude dos A\u00e7ores, tendo inclusive apresentado ao Secret\u00e1rio Regional Adjunto da Presid\u00eancia para os Assuntos Parlamentares propostas de altera\u00e7\u00e3o ao seu funcionamento, e defende, por isso, que o trabalho deste \u00f3rg\u00e3o consultivo do governo regional se fa\u00e7a no estreito respeito pelos seus membros, que t\u00eam o direito a aceder \u00e0 documenta\u00e7\u00e3o sob a qual se vai pronunciar de forma atempada\u201d afirmou a secret\u00e1ria regional.<\/p>\n<p>A JSD\/A\u00e7ores ter\u00e1 oportunidade de, em conjunto com o grupo parlamentar do PSD\/A\u00e7ores, analisar aquela que \u00e9 a ante-proposta deste documento de forma a poder apresentar propostas, lamentando que tal n\u00e3o tenha sido poss\u00edvel de fazer no Conselho de Juventude dos A\u00e7ores.<\/p>\n","protected":false},"excerpt":{"rendered":"<p>A Secret\u00e1ria Geral da JSD\/A\u00e7ores, Eunice Pinheiro Sousa, criticou hoje a \u201cfalta de tempo para a an\u00e1lise do Plano e Or\u00e7amento para 2019\u201d, no Conselho de<span class=\"excerpt-hellip\"> [\u2026]<\/span><\/p>\n","protected":false},"author":1,"featured_media":4760,"comment_status":"open","ping_status":"open","sticky":false,"template":"","format":"image","meta":{"spay_email":"","footnotes":"","jetpack_publicize_message":"","jetpack_is_tweetstorm":false,"jetpack_publicize_feature_enabled":true},"categories":[11],"tags":[],"class_list":["post-4759","post","type-post","status-publish","format-image","has-post-thumbnail","hentry","category-news","post_format-post-format-image"],"jetpack_featured_media_url":"https:\/\/i0.wp.com\/jsdacores.pt\/front\/wp-content\/uploads\/2018\/10\/IMG_3784.jpg?fit=4352%2C2904","jetpack_publicize_connections":[],"jetpack_sharing_enabled":true,"jetpack_shortlink":"https:\/\/wp.me\/p8wvZV-1eL","_links":{"self":[{"href":"http:\/\/jsdacores.pt\/front\/wp-json\/wp\/v2\/posts\/4759","targetHints":{"allow":["GET"]}}],"collection":[{"href":"http:\/\/jsdacores.pt\/front\/wp-json\/wp\/v2\/posts"}],"about":[{"href":"http:\/\/jsdacores.pt\/front\/wp-json\/wp\/v2\/types\/post"}],"author":[{"embeddable":true,"href":"http:\/\/jsdacores.pt\/front\/wp-json\/wp\/v2\/users\/1"}],"replies":[{"embeddable":true,"href":"http:\/\/jsdacores.pt\/front\/wp-json\/wp\/v2\/comments?post=4759"}],"version-history":[{"count":4,"href":"http:\/\/jsdacores.pt\/front\/wp-json\/wp\/v2\/posts\/4759\/revisions"}],"predecessor-version":[{"id":4764,"href":"http:\/\/jsdacores.pt\/front\/wp-json\/wp\/v2\/posts\/4759\/revisions\/4764"}],"wp:featuredmedia":[{"embeddable":true,"href":"http:\/\/jsdacores.pt\/front\/wp-json\/wp\/v2\/media\/4760"}],"wp:attachment":[{"href":"http:\/\/jsdacores.pt\/front\/wp-json\/wp\/v2\/media?parent=4759"}],"wp:term":[{"taxonomy":"category","embeddable":true,"href":"http:\/\/jsdacores.pt\/front\/wp-json\/wp\/v2\/categories?post=4759"},{"taxonomy":"post_tag","embeddable":true,"href":"http:\/\/jsdacores.pt\/front\/wp-json\/wp\/v2\/tags?post=4759"}],"curies":[{"name":"wp","href":"https:\/\/api.w.org\/{rel}","templated":true}]}}