{"id":4803,"date":"2018-10-28T20:47:12","date_gmt":"2018-10-28T20:47:12","guid":{"rendered":"http:\/\/jsdacores.pt\/front\/?p=4803"},"modified":"2018-10-28T21:15:31","modified_gmt":"2018-10-28T21:15:31","slug":"juventude-em-perspectiva-aprovada-pelo-xxiii-congresso-regional-do-psd-acores","status":"publish","type":"post","link":"http:\/\/jsdacores.pt\/front\/news\/juventude-em-perspectiva-aprovada-pelo-xxiii-congresso-regional-do-psd-acores\/","title":{"rendered":"&#8220;Juventude em Perspectiva&#8221; aprovada pelo XXIII Congresso Regional do PSD\/A\u00e7ores"},"content":{"rendered":"<h4>A proposta tem\u00e1tica &#8220;Juventude em Perspectiva&#8221;, apresentada pela comiss\u00e3o pol\u00edtica regional da JSD\/A\u00e7ores ao XXIII Congresso Regional do PSD\/A\u00e7ores, foi ontem aprovada por unanimidade pelos mais de 200 congressistas do partido.<\/h4>\n<p>A proposta que, segundo afirmou Fl\u00e1vio Soares, \u00e9 encarada como um &#8220;pacote juventude&#8221;, defende o aumento da fiscaliza\u00e7\u00e3o dos programas de est\u00e1gios profissionais regionais, a regress\u00e3o de todas as modifica\u00e7\u00f5es ao programa regional ESTAGIAR U, a diminui\u00e7\u00e3o dos prazos de pagamento das compensa\u00e7\u00f5es pecuni\u00e1rias do ESTAGIAR, programas de apoio \u00e0 reabilita\u00e7\u00e3o urbana para arrendamento jovem, altera\u00e7\u00f5es ao funcionamento do conselho de juventude dos A\u00e7ores ou a aposta definitiva na Sa\u00fade Escolar.<\/p>\n<p>No XXIII Congresso Regional do PSD\/A\u00e7ores, que decorreu este fim-de-semana em Vila Franca do Campo, Alexandre Gaud\u00eancio tomou posse como novo l\u00edder do partido, depois das elei\u00e7\u00f5es directas realizadas em setembro.<\/p>\n<p>Para os \u00f3rg\u00e3os regionais, agora em fun\u00e7\u00f5es, foram eleitos tr\u00eas militantes da JSD\/A\u00e7ores, a companheira Leonor Batista, presidente da CPI de Santa Maria e Vereadora da C\u00e2mara Municipal de Vila do Porto assume fun\u00e7\u00f5es na Comiss\u00e3o Pol\u00edtica Regional, Joel Cardoso, presidente da CPI da Terceira e Manuel Pinheiro, Presidente da CPC de Vila Franca do Campo, assumem fun\u00e7\u00f5es como conselheiros regionais.<\/p>\n<p>Fl\u00e1vio Soares, j\u00e1 depois do encerramento do congresso regional, deixou os mais &#8220;calorosos cumprimentos aos companheiros da JSD\/A\u00e7ores que terminaram ontem o seu mandato e a todos aqueles que iniciam novas fun\u00e7\u00f5es para enfrentam os desafios da juventude A\u00e7oriana, nos dois anos que se aproximam&#8221;.<\/p>\n<p>O Presidente da JSD\/A\u00e7ores deixou ainda uma palavra de &#8220;profundo orgulho&#8221; a todos os companheiros da comitiva da JSD\/A\u00e7ores neste congresso regional, composta por mais de 30 jovens, que souberam estar &#8220;ao mais alto n\u00edvel, acima de tudo orgulhando a nossa estrutura e mostrando que existe quem consiga dar voz \u00e0queles que n\u00e3o a t\u00eam&#8221;.<\/p>\n<p>O XXIII Congresso Regional da JSD\/A\u00e7ores encerrou hoje com a interven\u00e7\u00e3o do l\u00edder nacional do PSD, Rui Rio e de Alexandre Gaud\u00eancio.<\/p>\n","protected":false},"excerpt":{"rendered":"<p>A proposta tem\u00e1tica &#8220;Juventude em Perspectiva&#8221;, apresentada pela comiss\u00e3o pol\u00edtica regional da JSD\/A\u00e7ores ao XXIII Congresso Regional do PSD\/A\u00e7ores, foi ontem aprovada por unanimidade pelos mais<span class=\"excerpt-hellip\"> [\u2026]<\/span><\/p>\n","protected":false},"author":1,"featured_media":4804,"comment_status":"open","ping_status":"open","sticky":false,"template":"","format":"image","meta":{"spay_email":"","footnotes":"","jetpack_publicize_message":"","jetpack_is_tweetstorm":false,"jetpack_publicize_feature_enabled":true},"categories":[28,11],"tags":[],"class_list":["post-4803","post","type-post","status-publish","format-image","has-post-thumbnail","hentry","category-destaque","category-news","post_format-post-format-image"],"jetpack_featured_media_url":"https:\/\/i0.wp.com\/jsdacores.pt\/front\/wp-content\/uploads\/2018\/10\/IMG_0028.jpg?fit=2048%2C1365","jetpack_publicize_connections":[],"jetpack_sharing_enabled":true,"jetpack_shortlink":"https:\/\/wp.me\/p8wvZV-1ft","_links":{"self":[{"href":"http:\/\/jsdacores.pt\/front\/wp-json\/wp\/v2\/posts\/4803","targetHints":{"allow":["GET"]}}],"collection":[{"href":"http:\/\/jsdacores.pt\/front\/wp-json\/wp\/v2\/posts"}],"about":[{"href":"http:\/\/jsdacores.pt\/front\/wp-json\/wp\/v2\/types\/post"}],"author":[{"embeddable":true,"href":"http:\/\/jsdacores.pt\/front\/wp-json\/wp\/v2\/users\/1"}],"replies":[{"embeddable":true,"href":"http:\/\/jsdacores.pt\/front\/wp-json\/wp\/v2\/comments?post=4803"}],"version-history":[{"count":2,"href":"http:\/\/jsdacores.pt\/front\/wp-json\/wp\/v2\/posts\/4803\/revisions"}],"predecessor-version":[{"id":4828,"href":"http:\/\/jsdacores.pt\/front\/wp-json\/wp\/v2\/posts\/4803\/revisions\/4828"}],"wp:featuredmedia":[{"embeddable":true,"href":"http:\/\/jsdacores.pt\/front\/wp-json\/wp\/v2\/media\/4804"}],"wp:attachment":[{"href":"http:\/\/jsdacores.pt\/front\/wp-json\/wp\/v2\/media?parent=4803"}],"wp:term":[{"taxonomy":"category","embeddable":true,"href":"http:\/\/jsdacores.pt\/front\/wp-json\/wp\/v2\/categories?post=4803"},{"taxonomy":"post_tag","embeddable":true,"href":"http:\/\/jsdacores.pt\/front\/wp-json\/wp\/v2\/tags?post=4803"}],"curies":[{"name":"wp","href":"https:\/\/api.w.org\/{rel}","templated":true}]}}