{"id":4875,"date":"2018-11-07T23:13:05","date_gmt":"2018-11-07T23:13:05","guid":{"rendered":"http:\/\/jsdacores.pt\/front\/?p=4875"},"modified":"2018-11-07T23:14:44","modified_gmt":"2018-11-07T23:14:44","slug":"flavio-soares-acharia-estranho-o-aumento-do-desemprego-nos-acores-se-apenas-ouvissemos-a-verdade-oficial","status":"publish","type":"post","link":"http:\/\/jsdacores.pt\/front\/news\/flavio-soares-acharia-estranho-o-aumento-do-desemprego-nos-acores-se-apenas-ouvissemos-a-verdade-oficial\/","title":{"rendered":"Fl\u00e1vio Soares acharia \u201cestranho\u201d o aumento do desemprego nos A\u00e7ores se apenas ouv\u00edssemos \u201ca verdade oficial\u201d"},"content":{"rendered":"<h4>O Presidente da JSD\/A\u00e7ores, Fl\u00e1vio Soares, reagindo \u00e0 divulga\u00e7\u00e3o da taxa de desemprego nos A\u00e7ores, que registou um aumento de 0,5% no terceiro trimestre do ano, afirmou que \u201ceste aumento s\u00f3 \u00e9 estranho \u00e0queles que s\u00f3 ouvem a verdade oficial\u201d.<\/h4>\n<p>\u201cNos A\u00e7ores, terra dos eternos estagi\u00e1rios, foi hoje conhecido o maior aumento percentual da taxa de desemprego dos \u00faltimos anos, aumentando ainda mais a diferen\u00e7a para o pa\u00eds, interrompendo um per\u00edodo de maior estabilidade e refor\u00e7ando a nossa posi\u00e7\u00e3o em segundo lugar no campeonato regional de desempregados\u201d afirmou o l\u00edder da JSD\/A\u00e7ores.<\/p>\n<p>Fl\u00e1vio Soares declarou que, ao contr\u00e1rio de outros, a JSD\/A\u00e7ores n\u00e3o \u201clan\u00e7a foguetes com este dado que \u00e9 um mau sinal para a vida dos A\u00e7orianos e em particular para os mais jovens\u201d, mas defendeu \u201cque n\u00e3o \u00e9 poss\u00edvel fechar os olhos ao caminho pelo qual os A\u00e7ores continuam a seguir, com alguns dos dados agora conhecidos camuflados por programas ocupacionais e com dados conjunturais que d\u00e3o uma perspectiva ainda mais pessimista\u201d.<\/p>\n<p>Para o l\u00edder da JSD\/A\u00e7ores, \u201co facto dos ventos de Lisboa n\u00e3o serem os melhores e a, cada vez mais evidente, incapacidade da economia regional em absorver a popula\u00e7\u00e3o ativa no mercado de trabalho, mesmo recorrendo ao batalh\u00e3o de programas do governo regional, mostra bem que o caminho come\u00e7a a tornar-se cada vez mais sinuoso para os A\u00e7orianos\u201d.<\/p>\n<p>\u201cO que se esperava do Governo Regional \u00e9 que, reconhecendo os dados agora tornado p\u00fablicos, fosse capaz de n\u00e3o andar j\u00e1 a trabalhar em desvaloriza\u00e7\u00f5es das estat\u00edsticas, mas isso \u00e9 pedir demais. Mostra que o PS\/A\u00e7ores est\u00e1 mais preocupada com sua manuten\u00e7\u00e3o no poder do que com o futuro dos A\u00e7ores\u201d rematou o presidente da estrutura social democrata.<\/p>\n","protected":false},"excerpt":{"rendered":"<p>O Presidente da JSD\/A\u00e7ores, Fl\u00e1vio Soares, reagindo \u00e0 divulga\u00e7\u00e3o da taxa de desemprego nos A\u00e7ores, que registou um aumento de 0,5% no terceiro trimestre do ano,<span class=\"excerpt-hellip\"> [\u2026]<\/span><\/p>\n","protected":false},"author":1,"featured_media":3813,"comment_status":"open","ping_status":"open","sticky":false,"template":"","format":"image","meta":{"spay_email":"","footnotes":"","jetpack_publicize_message":"","jetpack_is_tweetstorm":false,"jetpack_publicize_feature_enabled":true},"categories":[11,25],"tags":[],"class_list":["post-4875","post","type-post","status-publish","format-image","has-post-thumbnail","hentry","category-news","category-presidente","post_format-post-format-image"],"jetpack_featured_media_url":"https:\/\/i0.wp.com\/jsdacores.pt\/front\/wp-content\/uploads\/2018\/02\/IMG_0201.jpg?fit=5184%2C3456","jetpack_publicize_connections":[],"jetpack_sharing_enabled":true,"jetpack_shortlink":"https:\/\/wp.me\/p8wvZV-1gD","_links":{"self":[{"href":"http:\/\/jsdacores.pt\/front\/wp-json\/wp\/v2\/posts\/4875","targetHints":{"allow":["GET"]}}],"collection":[{"href":"http:\/\/jsdacores.pt\/front\/wp-json\/wp\/v2\/posts"}],"about":[{"href":"http:\/\/jsdacores.pt\/front\/wp-json\/wp\/v2\/types\/post"}],"author":[{"embeddable":true,"href":"http:\/\/jsdacores.pt\/front\/wp-json\/wp\/v2\/users\/1"}],"replies":[{"embeddable":true,"href":"http:\/\/jsdacores.pt\/front\/wp-json\/wp\/v2\/comments?post=4875"}],"version-history":[{"count":1,"href":"http:\/\/jsdacores.pt\/front\/wp-json\/wp\/v2\/posts\/4875\/revisions"}],"predecessor-version":[{"id":4876,"href":"http:\/\/jsdacores.pt\/front\/wp-json\/wp\/v2\/posts\/4875\/revisions\/4876"}],"wp:featuredmedia":[{"embeddable":true,"href":"http:\/\/jsdacores.pt\/front\/wp-json\/wp\/v2\/media\/3813"}],"wp:attachment":[{"href":"http:\/\/jsdacores.pt\/front\/wp-json\/wp\/v2\/media?parent=4875"}],"wp:term":[{"taxonomy":"category","embeddable":true,"href":"http:\/\/jsdacores.pt\/front\/wp-json\/wp\/v2\/categories?post=4875"},{"taxonomy":"post_tag","embeddable":true,"href":"http:\/\/jsdacores.pt\/front\/wp-json\/wp\/v2\/tags?post=4875"}],"curies":[{"name":"wp","href":"https:\/\/api.w.org\/{rel}","templated":true}]}}