{"id":4960,"date":"2018-12-05T10:24:00","date_gmt":"2018-12-05T10:24:00","guid":{"rendered":"http:\/\/jsdacores.pt\/front\/?p=4960"},"modified":"2018-12-11T17:59:36","modified_gmt":"2018-12-11T17:59:36","slug":"orgaos-regionais-da-jsd-acores-reunem-se-na-terceira-em-visita-oficial","status":"publish","type":"post","link":"http:\/\/jsdacores.pt\/front\/news\/orgaos-regionais-da-jsd-acores-reunem-se-na-terceira-em-visita-oficial\/","title":{"rendered":"\u00d3rg\u00e3os Regionais da JSD\/A\u00e7ores re\u00fanem-se na Terceira em visita oficial"},"content":{"rendered":"<h4>A Comiss\u00e3o Pol\u00edtica Regional e o Conselho Regional da JSD\/A\u00e7ores re\u00fanem-se na ilha Terceira, numa visita de dois dias, com a marca\u00e7\u00e3o do XX Congresso Regional na agenda.<\/h4>\n<p>Os dois \u00f3rg\u00e3os regionais, numa visita de dois dias \u00e0 ilha Terceira, ir\u00e3o reunir com o balan\u00e7o do atual mandato, a situa\u00e7\u00e3o pol\u00edtica regional e a marca\u00e7\u00e3o do XX Congresso Regional na ordem de trabalhos. Entre as duas reuni\u00f5es, o Presidente da JSD\/A\u00e7ores, Fl\u00e1vio Soares, participa em iniciativas locais com a JSD\/Terceira e ainda na gala solid\u00e1ria da estrutura que, este ano, rumou \u00e0 ilha lil\u00e1s.<\/p>\n<p>A 07 de dezembro, na cidade da Praia da Vit\u00f3ria, a atual Comiss\u00e3o Pol\u00edtica Regional re\u00fane-se pela \u00faltima vez, sendo no dia seguinte, a vez do Conselho Regional, em Angra do Hero\u00edsmo, no seu \u00faltimo ato, agendar o XX Congresso Regional.<\/p>\n<p>Fl\u00e1vio Soares, na prepara\u00e7\u00e3o de mais uma visita oficial, destacava o simbolismo da \u00faltima a ser realizada, &#8220;ser a aplica\u00e7\u00e3o pr\u00e1tica da pol\u00edtica de proximidade e de coes\u00e3o interna que foi uma bandeira da candidatura a este mandato que agora termina&#8221; destacando as m\u00faltiplas iniciativas que foram realizadas por todas as ilhas, incluindo as reuni\u00f5es de \u00f3rg\u00e3os regionais descentralizadas da sede dos \u00f3rg\u00e3os regionais.<\/p>\n","protected":false},"excerpt":{"rendered":"<p>A Comiss\u00e3o Pol\u00edtica Regional e o Conselho Regional da JSD\/A\u00e7ores re\u00fanem-se na ilha Terceira, numa visita de dois dias, com a marca\u00e7\u00e3o do XX Congresso Regional<span class=\"excerpt-hellip\"> [\u2026]<\/span><\/p>\n","protected":false},"author":1,"featured_media":4971,"comment_status":"open","ping_status":"open","sticky":false,"template":"","format":"image","meta":{"spay_email":"","footnotes":"","jetpack_publicize_message":"","jetpack_is_tweetstorm":false,"jetpack_publicize_feature_enabled":true},"categories":[11,31],"tags":[],"class_list":["post-4960","post","type-post","status-publish","format-image","has-post-thumbnail","hentry","category-news","category-xxicongresso","post_format-post-format-image"],"jetpack_featured_media_url":"https:\/\/i0.wp.com\/jsdacores.pt\/front\/wp-content\/uploads\/2018\/12\/Terceira-37.jpg?fit=2292%2C1727","jetpack_publicize_connections":[],"jetpack_sharing_enabled":true,"jetpack_shortlink":"https:\/\/wp.me\/p8wvZV-1i0","_links":{"self":[{"href":"http:\/\/jsdacores.pt\/front\/wp-json\/wp\/v2\/posts\/4960","targetHints":{"allow":["GET"]}}],"collection":[{"href":"http:\/\/jsdacores.pt\/front\/wp-json\/wp\/v2\/posts"}],"about":[{"href":"http:\/\/jsdacores.pt\/front\/wp-json\/wp\/v2\/types\/post"}],"author":[{"embeddable":true,"href":"http:\/\/jsdacores.pt\/front\/wp-json\/wp\/v2\/users\/1"}],"replies":[{"embeddable":true,"href":"http:\/\/jsdacores.pt\/front\/wp-json\/wp\/v2\/comments?post=4960"}],"version-history":[{"count":4,"href":"http:\/\/jsdacores.pt\/front\/wp-json\/wp\/v2\/posts\/4960\/revisions"}],"predecessor-version":[{"id":4975,"href":"http:\/\/jsdacores.pt\/front\/wp-json\/wp\/v2\/posts\/4960\/revisions\/4975"}],"wp:featuredmedia":[{"embeddable":true,"href":"http:\/\/jsdacores.pt\/front\/wp-json\/wp\/v2\/media\/4971"}],"wp:attachment":[{"href":"http:\/\/jsdacores.pt\/front\/wp-json\/wp\/v2\/media?parent=4960"}],"wp:term":[{"taxonomy":"category","embeddable":true,"href":"http:\/\/jsdacores.pt\/front\/wp-json\/wp\/v2\/categories?post=4960"},{"taxonomy":"post_tag","embeddable":true,"href":"http:\/\/jsdacores.pt\/front\/wp-json\/wp\/v2\/tags?post=4960"}],"curies":[{"name":"wp","href":"https:\/\/api.w.org\/{rel}","templated":true}]}}