{"id":5057,"date":"2018-12-10T17:43:09","date_gmt":"2018-12-10T17:43:09","guid":{"rendered":"http:\/\/jsdacores.pt\/front\/?p=5057"},"modified":"2018-12-10T17:50:36","modified_gmt":"2018-12-10T17:50:36","slug":"jsd-madalena-promove-a-segunda-edicao-do-natal-ecologico","status":"publish","type":"post","link":"http:\/\/jsdacores.pt\/front\/news\/jsd-madalena-promove-a-segunda-edicao-do-natal-ecologico\/","title":{"rendered":"JSD\/Madalena promove a segunda edi\u00e7\u00e3o do Natal Ecol\u00f3gico"},"content":{"rendered":"\n<h4 class=\"wp-block-heading\">A concelhia da Madalena da JSD\/A\u00e7ores promoveu, em antecipa\u00e7\u00e3o da quadra natal\u00edcia, a segunda edi\u00e7\u00e3o do &#8220;Natal Ecol\u00f3gico&#8221;.<\/h4>\n\n\n\n<p>A iniciativa tem como objetivo a promo\u00e7\u00e3o da reciclagem e reaproveitamento de materiais na quadra natal\u00edcia e decorreu com o apoio da Junta de Freguesia de S\u00e3o Caetano, pelo segundo ano consecutivo.\u00a0<\/p>\n\n\n\n<p>Como explicou o presidente da JSD\/Madalena, Andr\u00e9 Silveira, os vencedores, entretanto escolhidos, &#8221;\u00a0ser\u00e3o expostas pela freguesia durante a quadra natal\u00edcia&#8221; embelezando as ruas nesta \u00e9poca de natal.\u00a0<\/p>\n","protected":false},"excerpt":{"rendered":"<p>A concelhia da Madalena da JSD\/A\u00e7ores promoveu, em antecipa\u00e7\u00e3o da quadra natal\u00edcia, a segunda edi\u00e7\u00e3o do &#8220;Natal Ecol\u00f3gico&#8221;. A iniciativa tem como objetivo a promo\u00e7\u00e3o da<span class=\"excerpt-hellip\"> [\u2026]<\/span><\/p>\n","protected":false},"author":1,"featured_media":5058,"comment_status":"closed","ping_status":"open","sticky":false,"template":"","format":"image","meta":{"spay_email":"","footnotes":"","jetpack_publicize_message":"","jetpack_is_tweetstorm":false,"jetpack_publicize_feature_enabled":true},"categories":[11,24],"tags":[],"class_list":["post-5057","post","type-post","status-publish","format-image","has-post-thumbnail","hentry","category-news","category-jotalocal","post_format-post-format-image"],"jetpack_featured_media_url":"https:\/\/i0.wp.com\/jsdacores.pt\/front\/wp-content\/uploads\/2018\/12\/48206082_2087310194915177_4349920101177229312_o.jpg?fit=2048%2C1361","jetpack_publicize_connections":[],"jetpack_sharing_enabled":true,"jetpack_shortlink":"https:\/\/wp.me\/p8wvZV-1jz","_links":{"self":[{"href":"http:\/\/jsdacores.pt\/front\/wp-json\/wp\/v2\/posts\/5057","targetHints":{"allow":["GET"]}}],"collection":[{"href":"http:\/\/jsdacores.pt\/front\/wp-json\/wp\/v2\/posts"}],"about":[{"href":"http:\/\/jsdacores.pt\/front\/wp-json\/wp\/v2\/types\/post"}],"author":[{"embeddable":true,"href":"http:\/\/jsdacores.pt\/front\/wp-json\/wp\/v2\/users\/1"}],"replies":[{"embeddable":true,"href":"http:\/\/jsdacores.pt\/front\/wp-json\/wp\/v2\/comments?post=5057"}],"version-history":[{"count":1,"href":"http:\/\/jsdacores.pt\/front\/wp-json\/wp\/v2\/posts\/5057\/revisions"}],"predecessor-version":[{"id":5059,"href":"http:\/\/jsdacores.pt\/front\/wp-json\/wp\/v2\/posts\/5057\/revisions\/5059"}],"wp:featuredmedia":[{"embeddable":true,"href":"http:\/\/jsdacores.pt\/front\/wp-json\/wp\/v2\/media\/5058"}],"wp:attachment":[{"href":"http:\/\/jsdacores.pt\/front\/wp-json\/wp\/v2\/media?parent=5057"}],"wp:term":[{"taxonomy":"category","embeddable":true,"href":"http:\/\/jsdacores.pt\/front\/wp-json\/wp\/v2\/categories?post=5057"},{"taxonomy":"post_tag","embeddable":true,"href":"http:\/\/jsdacores.pt\/front\/wp-json\/wp\/v2\/tags?post=5057"}],"curies":[{"name":"wp","href":"https:\/\/api.w.org\/{rel}","templated":true}]}}