{"id":5125,"date":"2019-01-14T10:24:34","date_gmt":"2019-01-14T10:24:34","guid":{"rendered":"http:\/\/jsdacores.pt\/front\/?p=5125"},"modified":"2019-01-14T10:24:34","modified_gmt":"2019-01-14T10:24:34","slug":"vp-da-jsd-acores-participam-no-conselho-nacional-da-estrutura","status":"publish","type":"post","link":"http:\/\/jsdacores.pt\/front\/news\/vp-da-jsd-acores-participam-no-conselho-nacional-da-estrutura\/","title":{"rendered":"VP da JSD\/A\u00e7ores participam no Conselho Nacional da estrutura"},"content":{"rendered":"<h4>Os Vice-Presidentes da JSD\/A\u00e7ores, Andr\u00e9 Soares e Vit\u00f3ria Silva, participaram este fim-de-semana no conselho nacional da Juventude Social Democrata que decorreu em Fronteira, Portalegre.<\/h4>\n<p>Numa reuni\u00e3o em que a JSD\/A\u00e7ores se fez representar pelos seus Vice-Presidente, o \u00f3rg\u00e3o m\u00e1ximo inter-congressos da JSD, discutiu diversas propostas ligadas \u00e0 educa\u00e7\u00e3o e \u00e0 valoriza\u00e7\u00e3o da actividade pol\u00edtica.<\/p>\n","protected":false},"excerpt":{"rendered":"<p>Os Vice-Presidentes da JSD\/A\u00e7ores, Andr\u00e9 Soares e Vit\u00f3ria Silva, participaram este fim-de-semana no conselho nacional da Juventude Social Democrata que decorreu em Fronteira, Portalegre. Numa reuni\u00e3o<span class=\"excerpt-hellip\"> [\u2026]<\/span><\/p>\n","protected":false},"author":1,"featured_media":5126,"comment_status":"open","ping_status":"open","sticky":false,"template":"","format":"image","meta":{"spay_email":"","footnotes":"","jetpack_publicize_message":"","jetpack_is_tweetstorm":false,"jetpack_publicize_feature_enabled":true},"categories":[11],"tags":[],"class_list":["post-5125","post","type-post","status-publish","format-image","has-post-thumbnail","hentry","category-news","post_format-post-format-image"],"jetpack_featured_media_url":"https:\/\/i0.wp.com\/jsdacores.pt\/front\/wp-content\/uploads\/2019\/01\/50063370_1149306461891001_5373063950550171648_n.jpg?fit=1728%2C1296","jetpack_publicize_connections":[],"jetpack_sharing_enabled":true,"jetpack_shortlink":"https:\/\/wp.me\/p8wvZV-1kF","_links":{"self":[{"href":"http:\/\/jsdacores.pt\/front\/wp-json\/wp\/v2\/posts\/5125","targetHints":{"allow":["GET"]}}],"collection":[{"href":"http:\/\/jsdacores.pt\/front\/wp-json\/wp\/v2\/posts"}],"about":[{"href":"http:\/\/jsdacores.pt\/front\/wp-json\/wp\/v2\/types\/post"}],"author":[{"embeddable":true,"href":"http:\/\/jsdacores.pt\/front\/wp-json\/wp\/v2\/users\/1"}],"replies":[{"embeddable":true,"href":"http:\/\/jsdacores.pt\/front\/wp-json\/wp\/v2\/comments?post=5125"}],"version-history":[{"count":1,"href":"http:\/\/jsdacores.pt\/front\/wp-json\/wp\/v2\/posts\/5125\/revisions"}],"predecessor-version":[{"id":5127,"href":"http:\/\/jsdacores.pt\/front\/wp-json\/wp\/v2\/posts\/5125\/revisions\/5127"}],"wp:featuredmedia":[{"embeddable":true,"href":"http:\/\/jsdacores.pt\/front\/wp-json\/wp\/v2\/media\/5126"}],"wp:attachment":[{"href":"http:\/\/jsdacores.pt\/front\/wp-json\/wp\/v2\/media?parent=5125"}],"wp:term":[{"taxonomy":"category","embeddable":true,"href":"http:\/\/jsdacores.pt\/front\/wp-json\/wp\/v2\/categories?post=5125"},{"taxonomy":"post_tag","embeddable":true,"href":"http:\/\/jsdacores.pt\/front\/wp-json\/wp\/v2\/tags?post=5125"}],"curies":[{"name":"wp","href":"https:\/\/api.w.org\/{rel}","templated":true}]}}