{"id":5128,"date":"2019-01-15T11:30:06","date_gmt":"2019-01-15T11:30:06","guid":{"rendered":"http:\/\/jsdacores.pt\/front\/?p=5128"},"modified":"2019-01-15T11:37:14","modified_gmt":"2019-01-15T11:37:14","slug":"luis-pereira-organizar-o-xx-congresso-fora-de-um-centro-urbano-e-passar-do-papel-aos-actos-uma-bandeira-da-jsd-acores","status":"publish","type":"post","link":"http:\/\/jsdacores.pt\/front\/news\/luis-pereira-organizar-o-xx-congresso-fora-de-um-centro-urbano-e-passar-do-papel-aos-actos-uma-bandeira-da-jsd-acores\/","title":{"rendered":"Lu\u00eds Pereira: &#8220;Organizar o XX Congresso fora de um centro urbano \u00e9 passar do papel aos actos uma bandeira da JSD\/A\u00e7ores&#8221;"},"content":{"rendered":"<h4>O Presidente da Comiss\u00e3o Organizadora do XX Congresso Regional, Lu\u00eds Pereira, afirmou hoje que &#8220;organizar a reuni\u00e3o magna da nossa estrutura fora de um centro urbano, neste caso, em S\u00e3o Vicente Ferreira, \u00e9 passar das palavras aos actos \u00a0aquilo que tem sido uma bandeira da JSD\/A\u00e7ores: a proximidade com todas as parcelas do nosso arquip\u00e9lago, das maiores \u00e0s mais pequenas&#8221;.<\/h4>\n<p>O dirigente regional da JSD\/A\u00e7ores, que falava depois do anuncio de que o XX Congresso Regional se vai realizar no pavilh\u00e3o multiusos de S\u00e3o Vicente Ferreira, refor\u00e7ou que &#8220;se andamos sempre a dizer que os A\u00e7ores v\u00e3o de Santa Maria ao Corvo, faz sentido, que pela primeira vez em muitos anos, o congresso da nossa estrutura se realize tamb\u00e9m fora dos maiores centros urbanos dos A\u00e7ores, numa pequena freguesia. \u00c9 esta mensagem, de valoriza\u00e7\u00e3o de todo o nosso territ\u00f3rio disperso sob um oceano, que queremos transmitir nesta organiza\u00e7\u00e3o&#8221;.<\/p>\n<p>Apesar, daquilo que foi caracterizado por Lu\u00eds Pereira como um &#8220;desafio log\u00edstico e financeiro&#8221;, refor\u00e7ou que &#8220;todos os membros da organiza\u00e7\u00e3o est\u00e3o bastante entusiasmos com a perspectiva de um congresso diferente do tradicional, pr\u00f3ximo das popula\u00e7\u00f5es, longe de herm\u00e9ticas salas de hot\u00e9is&#8221;.<\/p>\n<p>Os trabalhos para o XX Congresso Regional est\u00e3o j\u00e1 numa fase avan\u00e7ada, preparando-se para receber mais de 80 congressistas, entre delegados e iner\u00eancias, na reuni\u00e3o magna da Juventude Social Democrata dos A\u00e7ores.<\/p>\n","protected":false},"excerpt":{"rendered":"<p>O Presidente da Comiss\u00e3o Organizadora do XX Congresso Regional, Lu\u00eds Pereira, afirmou hoje que &#8220;organizar a reuni\u00e3o magna da nossa estrutura fora de um centro urbano,<span class=\"excerpt-hellip\"> [\u2026]<\/span><\/p>\n","protected":false},"author":1,"featured_media":4844,"comment_status":"open","ping_status":"open","sticky":false,"template":"","format":"image","meta":{"spay_email":"","footnotes":"","jetpack_publicize_message":"","jetpack_is_tweetstorm":false,"jetpack_publicize_feature_enabled":true},"categories":[11,31],"tags":[],"class_list":["post-5128","post","type-post","status-publish","format-image","has-post-thumbnail","hentry","category-news","category-xxicongresso","post_format-post-format-image"],"jetpack_featured_media_url":"https:\/\/i0.wp.com\/jsdacores.pt\/front\/wp-content\/uploads\/2018\/10\/45011767_10157720940298238_346251385706119168_o.jpg?fit=2048%2C1365","jetpack_publicize_connections":[],"jetpack_sharing_enabled":true,"jetpack_shortlink":"https:\/\/wp.me\/p8wvZV-1kI","_links":{"self":[{"href":"http:\/\/jsdacores.pt\/front\/wp-json\/wp\/v2\/posts\/5128","targetHints":{"allow":["GET"]}}],"collection":[{"href":"http:\/\/jsdacores.pt\/front\/wp-json\/wp\/v2\/posts"}],"about":[{"href":"http:\/\/jsdacores.pt\/front\/wp-json\/wp\/v2\/types\/post"}],"author":[{"embeddable":true,"href":"http:\/\/jsdacores.pt\/front\/wp-json\/wp\/v2\/users\/1"}],"replies":[{"embeddable":true,"href":"http:\/\/jsdacores.pt\/front\/wp-json\/wp\/v2\/comments?post=5128"}],"version-history":[{"count":4,"href":"http:\/\/jsdacores.pt\/front\/wp-json\/wp\/v2\/posts\/5128\/revisions"}],"predecessor-version":[{"id":5138,"href":"http:\/\/jsdacores.pt\/front\/wp-json\/wp\/v2\/posts\/5128\/revisions\/5138"}],"wp:featuredmedia":[{"embeddable":true,"href":"http:\/\/jsdacores.pt\/front\/wp-json\/wp\/v2\/media\/4844"}],"wp:attachment":[{"href":"http:\/\/jsdacores.pt\/front\/wp-json\/wp\/v2\/media?parent=5128"}],"wp:term":[{"taxonomy":"category","embeddable":true,"href":"http:\/\/jsdacores.pt\/front\/wp-json\/wp\/v2\/categories?post=5128"},{"taxonomy":"post_tag","embeddable":true,"href":"http:\/\/jsdacores.pt\/front\/wp-json\/wp\/v2\/tags?post=5128"}],"curies":[{"name":"wp","href":"https:\/\/api.w.org\/{rel}","templated":true}]}}