{"id":5167,"date":"2019-01-28T15:32:08","date_gmt":"2019-01-28T15:32:08","guid":{"rendered":"http:\/\/jsdacores.pt\/front\/?p=5167"},"modified":"2019-01-28T15:33:11","modified_gmt":"2019-01-28T15:33:11","slug":"lider-reeleito-da-jsd-acores-garante-que-os-jovens-acorianos-podem-contar-com-a-estrutura-para-lhes-dar-uma-nova-esperanca","status":"publish","type":"post","link":"http:\/\/jsdacores.pt\/front\/news\/lider-reeleito-da-jsd-acores-garante-que-os-jovens-acorianos-podem-contar-com-a-estrutura-para-lhes-dar-uma-nova-esperanca\/","title":{"rendered":"L\u00edder reeleito garante que os jovens A\u00e7orianos podem contar com a estrutura para \u201clhes dar uma nova esperan\u00e7a\u201d"},"content":{"rendered":"<h4>O l\u00edder reeleito da JSD\/A\u00e7ores, Fl\u00e1vio Soares, afirmou que os jovens A\u00e7orianos podem contar com a estrutura para lhes \u201cdar uma nova esperan\u00e7a, sendo que um aspecto fundamental para devolver essa esperan\u00e7a aos nossos jovens \u00e9 a cria\u00e7\u00e3o de emprego\u201d.<\/h4>\n<p>\u201cMesmo num cen\u00e1rio de crescimento econ\u00f3mico a n\u00edvel mundial, a governa\u00e7\u00e3o socialista nos A\u00e7ores n\u00e3o tem sido capaz de promover uma redu\u00e7\u00e3o acentuada do desemprego jovem\u201d, afirmando que a taxa de desemprego jovem, situada nos 32%, continua a ser escandalosamente alta, quando comparada com os valores nacionais, de 20%.<\/p>\n<p>Para Fl\u00e1vio Soares \u201cuma pol\u00edtica de juventude que seja digna desse nome tem, necessariamente, de conter medidas que promovam a cria\u00e7\u00e3o de emprego sustent\u00e1vel. \u00c9 necess\u00e1rio apoiar a iniciativa, a inova\u00e7\u00e3o e o talento e reconhecer o esfor\u00e7o e o trabalho bem feito. Nesta \u00e1rea do emprego defendemos a restrutura\u00e7\u00e3o dos programas ocupacionais, atrav\u00e9s da cria\u00e7\u00e3o de um \u00fanico programa que reveja, de forma justa e equilibrada, os atualmente existentes\u201d.<\/p>\n<p>Apontando a agricultura como uma \u00e1rea potencial de cria\u00e7\u00e3o de emprego jovem, o Presidente da JSD\/A\u00e7ores, complementou que \u201c\u00e9 importante que haja uma efetiva intera\u00e7\u00e3o do sector agr\u00edcola com os jovens, dando-lhes condi\u00e7\u00f5es para que se sintam aliciados a trabalhar no sector, colocando a vitalidade da juventude ao servi\u00e7o da nossa Agricultura\u201d.<\/p>\n<p>Fl\u00e1vio Soares considerou \u201curgente adequar a forma de c\u00e1lculo dos descontos para a Seguran\u00e7a Social dos jovens agricultores, de acordo com a sua condi\u00e7\u00e3o espec\u00edfica de empres\u00e1rios em in\u00edcio de atividade agr\u00edcola, a cria\u00e7\u00e3o do estatuto de jovem agricultor e de jovem empreendedor rural nos A\u00e7ores\u201d.<\/p>\n<p>Numa interven\u00e7\u00e3o perante os mais de 100 congressistas da JSD\/A\u00e7ores, este fim-de-semana em S\u00e3o Vicente Ferreira, o l\u00edder reconfirmado nas urnas, afirmou que \u201co falhan\u00e7o das pol\u00edticas educativas, sem planeamento a m\u00e9dio e longo prazo, coloca os A\u00e7ores, uma vez mais, no fundo da tabela nacional.\u201d.<\/p>\n<p>Mostrando-se dispon\u00edvel para um debate alargado entre professores, pais e alunos sobre o modelo educativo na regi\u00e3o, defendeu que \u00e9 importante a \u201cadapta\u00e7\u00e3o dos programas curriculares utilizados atualmente\u201d, a valoriza\u00e7\u00e3o de \u201cformas diferentes de aprendizagem nas escolas\u201d ou a cria\u00e7\u00e3o do \u201cum gabinete multidisciplinar de apoio ao estudante, a ser criado pela Dire\u00e7\u00e3o Regional da Educa\u00e7\u00e3o em cada escola secund\u00e1ria\u201d.<\/p>\n<p>Num congresso que decorreu pela primeira em muitos anos fora de centros urbanos, o l\u00edder regional da estrutura assegurou que \u201ca JSD\/A\u00e7ores vai continua a dar voz a todos os jovens aos quais \u00e9 constantemente negada uma oportunidade por quem ainda governa esta Regi\u00e3o\u201d.<\/p>\n<p>O XX Congresso Regional da JSD\/A\u00e7ores decorreu este fim-de-semana em S\u00e3o Vicente Ferreira, juntando delegados de todas as ilhas dos A\u00e7ores.<\/p>\n","protected":false},"excerpt":{"rendered":"<p>O l\u00edder reeleito da JSD\/A\u00e7ores, Fl\u00e1vio Soares, afirmou que os jovens A\u00e7orianos podem contar com a estrutura para lhes \u201cdar uma nova esperan\u00e7a, sendo que um<span class=\"excerpt-hellip\"> [\u2026]<\/span><\/p>\n","protected":false},"author":1,"featured_media":5168,"comment_status":"open","ping_status":"open","sticky":false,"template":"","format":"image","meta":{"spay_email":"","footnotes":"","jetpack_publicize_message":"","jetpack_is_tweetstorm":false,"jetpack_publicize_feature_enabled":true},"categories":[28,11,25],"tags":[],"class_list":["post-5167","post","type-post","status-publish","format-image","has-post-thumbnail","hentry","category-destaque","category-news","category-presidente","post_format-post-format-image"],"jetpack_featured_media_url":"https:\/\/i0.wp.com\/jsdacores.pt\/front\/wp-content\/uploads\/2019\/01\/068A5855.jpg?fit=2000%2C1333","jetpack_publicize_connections":[],"jetpack_sharing_enabled":true,"jetpack_shortlink":"https:\/\/wp.me\/p8wvZV-1ll","_links":{"self":[{"href":"http:\/\/jsdacores.pt\/front\/wp-json\/wp\/v2\/posts\/5167","targetHints":{"allow":["GET"]}}],"collection":[{"href":"http:\/\/jsdacores.pt\/front\/wp-json\/wp\/v2\/posts"}],"about":[{"href":"http:\/\/jsdacores.pt\/front\/wp-json\/wp\/v2\/types\/post"}],"author":[{"embeddable":true,"href":"http:\/\/jsdacores.pt\/front\/wp-json\/wp\/v2\/users\/1"}],"replies":[{"embeddable":true,"href":"http:\/\/jsdacores.pt\/front\/wp-json\/wp\/v2\/comments?post=5167"}],"version-history":[{"count":4,"href":"http:\/\/jsdacores.pt\/front\/wp-json\/wp\/v2\/posts\/5167\/revisions"}],"predecessor-version":[{"id":5172,"href":"http:\/\/jsdacores.pt\/front\/wp-json\/wp\/v2\/posts\/5167\/revisions\/5172"}],"wp:featuredmedia":[{"embeddable":true,"href":"http:\/\/jsdacores.pt\/front\/wp-json\/wp\/v2\/media\/5168"}],"wp:attachment":[{"href":"http:\/\/jsdacores.pt\/front\/wp-json\/wp\/v2\/media?parent=5167"}],"wp:term":[{"taxonomy":"category","embeddable":true,"href":"http:\/\/jsdacores.pt\/front\/wp-json\/wp\/v2\/categories?post=5167"},{"taxonomy":"post_tag","embeddable":true,"href":"http:\/\/jsdacores.pt\/front\/wp-json\/wp\/v2\/tags?post=5167"}],"curies":[{"name":"wp","href":"https:\/\/api.w.org\/{rel}","templated":true}]}}