{"id":5235,"date":"2019-02-13T21:12:17","date_gmt":"2019-02-13T21:12:17","guid":{"rendered":"http:\/\/jsdacores.pt\/front\/?p=5235"},"modified":"2019-02-13T21:18:27","modified_gmt":"2019-02-13T21:18:27","slug":"flavio-soares-afirma-que-o-gra-volta-a-colocar-pensos-rapidos-na-ferida-do-desemprego-jovem","status":"publish","type":"post","link":"http:\/\/jsdacores.pt\/front\/news\/flavio-soares-afirma-que-o-gra-volta-a-colocar-pensos-rapidos-na-ferida-do-desemprego-jovem\/","title":{"rendered":"Fl\u00e1vio Soares afirma que o &#8220;GRA insiste em apresentar medidas avulsas para o desemprego jovem&#8221;"},"content":{"rendered":"<h4>O Presidente da JSD\/A\u00e7ores afirmou hoje que o Governo Regional dos A\u00e7ores &#8220;volta a apresentar medidas avulsas e pensos r\u00e1pidos para a ferida do desemprego jovem&#8221; referindo-se ao alargamento dos benefici\u00e1rios do programa PROSA e ao an\u00fancio de mais concursos p\u00fablicos viciados para a fun\u00e7\u00e3o p\u00fablica regional.<\/h4>\n<p>&#8220;Em vez do Governo Regional estar a trabalhar para permitir a cria\u00e7\u00e3o de uma din\u00e2mica econ\u00f3mica privada que absorva os jovens que se encontram em situa\u00e7\u00e3o de desemprego, e portanto numa posi\u00e7\u00e3o vulner\u00e1vel, n\u00e3o tem outro rem\u00e9dio sen\u00e3o, quando pressionado pela oposi\u00e7\u00e3o, vir anunciar mais um sem n\u00famero infinito de concursos p\u00fablicos viciados ou o alargamento dos programas de trabalho tempor\u00e1rio&#8221; afirmou Fl\u00e1vio Soares depois de uma reuni\u00e3o da rec\u00e9m-eleita Comiss\u00e3o Pol\u00edtica Regional Permanente da JSD\/A\u00e7ores.<\/p>\n<p>Para o l\u00edder de estrutura de juventude social democrata, o GRA &#8220;volta a demonstrar a incapacidade absoluta para lidar com o problema do desemprego jovem&#8221; complementando que &#8220;n\u00e3o tivesse sido a oposi\u00e7\u00e3o, nomeadamente pela voz do l\u00edder do PSD\/A\u00e7ores, a chamar \u00e0 aten\u00e7\u00e3o para a mais alta taxa de desemprego jovem ser nos A\u00e7ores, o GRA estava descansado no seu canto&#8221;.<\/p>\n<p>Referindo-se especificamente ao alargamento do programa regional PROSA, Fl\u00e1vio Soares afirmou que &#8220;mais uma vez \u00e9 um programa que n\u00e3o cumpre com os seus objetivos, por n\u00e3o permitir a transi\u00e7\u00e3o para o mercado de trabalho, porque n\u00e3o h\u00e1 mercado de trabalho para jovens, s\u00f3 programas ocupacionais&#8221;.<\/p>\n<p>&#8220;Em vez do GRA assumir o seu falhan\u00e7o, pedir desculpas aos jovens A\u00e7orianos, faz an\u00fancios triunfantes como se fosse desta, com mais programas ou concursos viciados que deixamos de ser campe\u00f5es no desemprego jovem&#8221; concluiu Fl\u00e1vio Soares, lembrando a proposta do PSD\/A\u00e7ores para a cria\u00e7\u00e3o da CRESAP A\u00e7ores, com o objetivo de controlar os processos de sele\u00e7\u00e3o e ordena\u00e7\u00e3o das contrata\u00e7\u00f5es no sector p\u00fablico regional.<\/p>\n<p>&nbsp;<\/p>\n","protected":false},"excerpt":{"rendered":"<p>O Presidente da JSD\/A\u00e7ores afirmou hoje que o Governo Regional dos A\u00e7ores &#8220;volta a apresentar medidas avulsas e pensos r\u00e1pidos para a ferida do desemprego jovem&#8221;<span class=\"excerpt-hellip\"> [\u2026]<\/span><\/p>\n","protected":false},"author":1,"featured_media":5223,"comment_status":"open","ping_status":"open","sticky":false,"template":"","format":"image","meta":{"spay_email":"","footnotes":"","jetpack_publicize_message":"","jetpack_is_tweetstorm":false,"jetpack_publicize_feature_enabled":true},"categories":[28,11,25],"tags":[],"class_list":["post-5235","post","type-post","status-publish","format-image","has-post-thumbnail","hentry","category-destaque","category-news","category-presidente","post_format-post-format-image"],"jetpack_featured_media_url":"https:\/\/i0.wp.com\/jsdacores.pt\/front\/wp-content\/uploads\/2019\/01\/068A5914.jpg?fit=2000%2C1333","jetpack_publicize_connections":[],"jetpack_sharing_enabled":true,"jetpack_shortlink":"https:\/\/wp.me\/p8wvZV-1mr","_links":{"self":[{"href":"http:\/\/jsdacores.pt\/front\/wp-json\/wp\/v2\/posts\/5235","targetHints":{"allow":["GET"]}}],"collection":[{"href":"http:\/\/jsdacores.pt\/front\/wp-json\/wp\/v2\/posts"}],"about":[{"href":"http:\/\/jsdacores.pt\/front\/wp-json\/wp\/v2\/types\/post"}],"author":[{"embeddable":true,"href":"http:\/\/jsdacores.pt\/front\/wp-json\/wp\/v2\/users\/1"}],"replies":[{"embeddable":true,"href":"http:\/\/jsdacores.pt\/front\/wp-json\/wp\/v2\/comments?post=5235"}],"version-history":[{"count":3,"href":"http:\/\/jsdacores.pt\/front\/wp-json\/wp\/v2\/posts\/5235\/revisions"}],"predecessor-version":[{"id":5238,"href":"http:\/\/jsdacores.pt\/front\/wp-json\/wp\/v2\/posts\/5235\/revisions\/5238"}],"wp:featuredmedia":[{"embeddable":true,"href":"http:\/\/jsdacores.pt\/front\/wp-json\/wp\/v2\/media\/5223"}],"wp:attachment":[{"href":"http:\/\/jsdacores.pt\/front\/wp-json\/wp\/v2\/media?parent=5235"}],"wp:term":[{"taxonomy":"category","embeddable":true,"href":"http:\/\/jsdacores.pt\/front\/wp-json\/wp\/v2\/categories?post=5235"},{"taxonomy":"post_tag","embeddable":true,"href":"http:\/\/jsdacores.pt\/front\/wp-json\/wp\/v2\/tags?post=5235"}],"curies":[{"name":"wp","href":"https:\/\/api.w.org\/{rel}","templated":true}]}}