{"id":5260,"date":"2019-02-22T12:41:12","date_gmt":"2019-02-22T12:41:12","guid":{"rendered":"http:\/\/jsdacores.pt\/front\/?p=5260"},"modified":"2019-02-22T12:41:12","modified_gmt":"2019-02-22T12:41:12","slug":"precariedade-vs-beneficios-vitoria-silva","status":"publish","type":"post","link":"http:\/\/jsdacores.pt\/front\/opiniao\/precariedade-vs-beneficios-vitoria-silva\/","title":{"rendered":"Precariedade vs Benef\u00edcios &#8211; Vit\u00f3ria Silva"},"content":{"rendered":"<p>Na Regi\u00e3o em que vivemos, j\u00e1 se tornou h\u00e1bito o Governo Regional usar e abusar da precaridade laboral nos jovens a\u00e7orianos, atrav\u00e9s da \u00fanica medida para o emprego jovem, os programas ocupacionais.<\/p>\n<p>Atualmente, um jovem licenciado ao terminar a sua licenciatura, n\u00e3o abdica da op\u00e7\u00e3o de frequentar um programa ocupacional, neste caso o programa estagiar L, destinado aos jovens licenciados, pois este \u00e9 apenas um dos v\u00e1rios existentes na Regi\u00e3o, apenas mais um de tantos outros, em que a governa\u00e7\u00e3o d\u00e1 com uma m\u00e3o para usufruir em seu benef\u00edcio com a outra.<\/p>\n<p>Quando me refiro desta forma, muitos se questionar\u00e3o desta raz\u00e3o, tendo em conta que \u00e9 um programa que serve para promover a empregabilidade jovem. As entidades, sendo elas p\u00fablicas ou privadas, usufruem de obra barata e sector p\u00fablico n\u00e3o \u00e9 de forma alguma exce\u00e7\u00e3o, nem o exemplo a dar aos privados, sendo ele o promotor desta atividade, pois tanto n\u00e3o cumpre com a sua legisla\u00e7\u00e3o em vigor, como tamb\u00e9m n\u00e3o fiscaliza as entidades em que os jovens est\u00e3o integrados no programa.<\/p>\n<p>Estes jovens, englobados neste e noutros tantos programas ocupacionais que se sucedem posteriormente ao estagiar L, mal sabem que est\u00e3o a contribuir para um dos demais atos controlados pela governa\u00e7\u00e3o socialista. Neste caso, o controlo absoluto dos n\u00fameros, estat\u00edsticas e sobretudo das taxas de desemprego jovem, porque para os nossos governantes, a taxa de desemprego jovem n\u00e3o est\u00e1 de acordo com os dados do Instituto Nacional de Estat\u00edstica, talvez porque os programas ocupacionais nos A\u00e7ores servem tamb\u00e9m para camuflar esses dados manipulados.<br \/>\nAno ap\u00f3s ano, a taxa de desemprego jovem nos A\u00e7ores ultrapassa as taxas das restantes regi\u00f5es do nosso Pa\u00eds, sendo a nossa regi\u00e3o a liderar esta taxa. Nos \u00faltimos dados divulgados pelo INE, a taxa de desemprego jovem na nossa regi\u00e3o atinge os 32,7%, o que corresponde a que 1 em cada 3 jovens a\u00e7orianos est\u00e1 desempregado.<\/p>\n<p>Desta forma, necessitamos urgentemente que de um governo que realize uma reforma pol\u00edtica para o emprego jovem, onde esta n\u00e3o seja exclusivamente atrav\u00e9s dos programas ocupacionais, estes que tamb\u00e9m necessitam de uma reformula\u00e7\u00e3o estruturada, desde a sua legisla\u00e7\u00e3o at\u00e9 \u00e0 sua aplica\u00e7\u00e3o e fiscaliza\u00e7\u00e3o com as entidades promotoras.<\/p>\n<p>De acordo com o an\u00fancio do Vice-Presidente do Governo Regional, S\u00e9rgio \u00c1vila, no decorrer deste ano ir\u00e3o abrir 954 novos postos de trabalho para a fun\u00e7\u00e3o p\u00fablica, sendo eles com predomin\u00e2ncia para as \u00e1reas da educa\u00e7\u00e3o e da sa\u00fade.<\/p>\n<p>Ansiosamente desejo que no decorrer destas contrata\u00e7\u00f5es p\u00fablicas, estes postos de trabalho sejam para regularizar as situa\u00e7\u00f5es profissionais prec\u00e1rias dos funcion\u00e1rios que se encontram a frequentar programas ocupacionais ou profissionais em fun\u00e7\u00f5es por contratados a termo certo, e que mais uma vez, n\u00e3o deixem de fora esses trabalhadores que se encontram em precariedade laboral e integrados nos servi\u00e7os, para incluir outros profissionais que por motivos ideol\u00f3gicos t\u00eam prioridade no acesso ao posto de trabalho.<\/p>\n","protected":false},"excerpt":{"rendered":"<p>Na Regi\u00e3o em que vivemos, j\u00e1 se tornou h\u00e1bito o Governo Regional usar e abusar da precaridade laboral nos jovens a\u00e7orianos, atrav\u00e9s da \u00fanica medida para<span class=\"excerpt-hellip\"> [\u2026]<\/span><\/p>\n","protected":false},"author":1,"featured_media":3979,"comment_status":"open","ping_status":"open","sticky":false,"template":"","format":"image","meta":{"spay_email":"","footnotes":"","jetpack_publicize_message":"","jetpack_is_tweetstorm":false,"jetpack_publicize_feature_enabled":true},"categories":[16],"tags":[],"class_list":["post-5260","post","type-post","status-publish","format-image","has-post-thumbnail","hentry","category-opiniao","post_format-post-format-image"],"jetpack_featured_media_url":"https:\/\/i0.wp.com\/jsdacores.pt\/front\/wp-content\/uploads\/2018\/03\/Vit\u00f3ria-Silva.png?fit=2222%2C800","jetpack_publicize_connections":[],"jetpack_sharing_enabled":true,"jetpack_shortlink":"https:\/\/wp.me\/p8wvZV-1mQ","_links":{"self":[{"href":"http:\/\/jsdacores.pt\/front\/wp-json\/wp\/v2\/posts\/5260","targetHints":{"allow":["GET"]}}],"collection":[{"href":"http:\/\/jsdacores.pt\/front\/wp-json\/wp\/v2\/posts"}],"about":[{"href":"http:\/\/jsdacores.pt\/front\/wp-json\/wp\/v2\/types\/post"}],"author":[{"embeddable":true,"href":"http:\/\/jsdacores.pt\/front\/wp-json\/wp\/v2\/users\/1"}],"replies":[{"embeddable":true,"href":"http:\/\/jsdacores.pt\/front\/wp-json\/wp\/v2\/comments?post=5260"}],"version-history":[{"count":1,"href":"http:\/\/jsdacores.pt\/front\/wp-json\/wp\/v2\/posts\/5260\/revisions"}],"predecessor-version":[{"id":5261,"href":"http:\/\/jsdacores.pt\/front\/wp-json\/wp\/v2\/posts\/5260\/revisions\/5261"}],"wp:featuredmedia":[{"embeddable":true,"href":"http:\/\/jsdacores.pt\/front\/wp-json\/wp\/v2\/media\/3979"}],"wp:attachment":[{"href":"http:\/\/jsdacores.pt\/front\/wp-json\/wp\/v2\/media?parent=5260"}],"wp:term":[{"taxonomy":"category","embeddable":true,"href":"http:\/\/jsdacores.pt\/front\/wp-json\/wp\/v2\/categories?post=5260"},{"taxonomy":"post_tag","embeddable":true,"href":"http:\/\/jsdacores.pt\/front\/wp-json\/wp\/v2\/tags?post=5260"}],"curies":[{"name":"wp","href":"https:\/\/api.w.org\/{rel}","templated":true}]}}